{"id":5679,"date":"2024-05-26T11:00:00","date_gmt":"2024-05-26T09:00:00","guid":{"rendered":"https:\/\/web.mandolinenorchester-hennef-kurscheid.de\/?p=5679"},"modified":"2024-12-29T19:19:09","modified_gmt":"2024-12-29T18:19:09","slug":"verleihung-der-pro-musica-plakette","status":"publish","type":"post","link":"https:\/\/web.mandolinenorchester-hennef-kurscheid.de\/?p=5679","title":{"rendered":"Verleihung der PRO MUSICA-Plakette"},"content":{"rendered":"\n<p>Am Sonntag, den 26.05.2024, wurde dem Mandolinenorchester Hennef-Kurscheid 1924 e.V. durch den Bundespr\u00e4sidenten Frank Walter Steinmeier die <strong>PRO MUSICA-Plakette<\/strong> verliehen \u201eals Auszeichnung f\u00fcr die in langj\u00e4hrigem Wirken erworbenen Verdienste um die Pflege des instrumentalen Musizierens und damit um die F\u00f6rderung des kulturellen Lebens.\u201c<\/p>\n\n\n\n<p>Die Verleihung erfolgte im Rahmen einer Festveranstaltung in der Rohrmeisterei in Schwerte, durch Ina Brandes, Ministerin f\u00fcr Kultur und Wissenschaft des Landes Nordrhein-Westfalen. Zitat aus dem Gl\u00fcckwunschschreiben der Ministerin: \u201eSeit mehr als einem Jahrhundert engagieren sich auch in Ihrem Verein zahlreiche musikbegeisterte Menschen mit viel Herzblut f\u00fcr das kulturelle Leben in unserem Land. F\u00fcr dieses gro\u00dfe Engagement danke ich Ihnen und allen Mitgliedern Ihres Vereins im Namen der Landesregierung von Nordrhein-Westfalen sehr herzlich.&#8220;<\/p>\n\n\n\n<figure class=\"wp-block-image size-full\"><img loading=\"lazy\" decoding=\"async\" width=\"991\" height=\"798\" src=\"https:\/\/web.mandolinenorchester-hennef-kurscheid.de\/wp-content\/uploads\/2024\/12\/Pro-Musica-Verleihung.jpg\" alt=\"\" class=\"wp-image-5680\" srcset=\"https:\/\/web.mandolinenorchester-hennef-kurscheid.de\/wp-content\/uploads\/2024\/12\/Pro-Musica-Verleihung.jpg 991w, https:\/\/web.mandolinenorchester-hennef-kurscheid.de\/wp-content\/uploads\/2024\/12\/Pro-Musica-Verleihung-300x242.jpg 300w, https:\/\/web.mandolinenorchester-hennef-kurscheid.de\/wp-content\/uploads\/2024\/12\/Pro-Musica-Verleihung-768x618.jpg 768w\" sizes=\"auto, (max-width: 767px) 89vw, (max-width: 1000px) 54vw, (max-width: 1071px) 543px, 580px\" \/><\/figure>\n\n\n\n<p>Prof. Dr. Christine Siegert, Pr\u00e4sidentin des Landesmusikrates NRW, Alexander M\u00fcller, Silas Blasius, Ina Brandes, Ministerin f\u00fcr Kultur und Wissenschaft NRW<\/p>\n\n\n\n<figure class=\"wp-block-image size-large\"><img loading=\"lazy\" decoding=\"async\" width=\"1024\" height=\"768\" src=\"https:\/\/web.mandolinenorchester-hennef-kurscheid.de\/wp-content\/uploads\/2024\/12\/IMG-20240526-WA0007-1024x768.jpg\" alt=\"\" class=\"wp-image-5678\" srcset=\"https:\/\/web.mandolinenorchester-hennef-kurscheid.de\/wp-content\/uploads\/2024\/12\/IMG-20240526-WA0007-1024x768.jpg 1024w, https:\/\/web.mandolinenorchester-hennef-kurscheid.de\/wp-content\/uploads\/2024\/12\/IMG-20240526-WA0007-300x225.jpg 300w, https:\/\/web.mandolinenorchester-hennef-kurscheid.de\/wp-content\/uploads\/2024\/12\/IMG-20240526-WA0007-768x576.jpg 768w, https:\/\/web.mandolinenorchester-hennef-kurscheid.de\/wp-content\/uploads\/2024\/12\/IMG-20240526-WA0007-1536x1152.jpg 1536w, https:\/\/web.mandolinenorchester-hennef-kurscheid.de\/wp-content\/uploads\/2024\/12\/IMG-20240526-WA0007.jpg 2000w\" sizes=\"auto, (max-width: 767px) 89vw, (max-width: 1000px) 54vw, (max-width: 1071px) 543px, 580px\" \/><\/figure>\n","protected":false},"excerpt":{"rendered":"<p>Am Sonntag, den 26.05.2024, wurde dem Mandolinenorchester Hennef-Kurscheid 1924 e.V. durch den Bundespr\u00e4sidenten Frank Walter Steinmeier die PRO MUSICA-Plakette verliehen \u201eals Auszeichnung f\u00fcr die in langj\u00e4hrigem Wirken erworbenen Verdienste um die Pflege des instrumentalen Musizierens und damit um die F\u00f6rderung des kulturellen Lebens.\u201c Die Verleihung erfolgte im Rahmen einer Festveranstaltung in der Rohrmeisterei in Schwerte, &hellip; <\/p>\n<p class=\"link-more\"><a href=\"https:\/\/web.mandolinenorchester-hennef-kurscheid.de\/?p=5679\" class=\"more-link\"><span class=\"screen-reader-text\">\u201eVerleihung der PRO MUSICA-Plakette\u201c <\/span>weiterlesen<\/a><\/p>\n","protected":false},"author":1,"featured_media":0,"comment_status":"closed","ping_status":"closed","sticky":false,"template":"","format":"standard","meta":{"_editorskit_title_hidden":false,"_editorskit_reading_time":0,"_editorskit_is_block_options_detached":false,"_editorskit_block_options_position":"{}","inline_featured_image":false,"_jetpack_memberships_contains_paid_content":false,"footnotes":""},"categories":[1],"tags":[],"class_list":["post-5679","post","type-post","status-publish","format-standard","hentry","category-allgemein"],"yoast_head":"<!-- This site is optimized with the Yoast SEO plugin v27.4 - https:\/\/yoast.com\/product\/yoast-seo-wordpress\/ -->\n<title>Verleihung der PRO MUSICA-Plakette - Mandolinenorchester Hennef\u2011Kurscheid 1924 e.V.<\/title>\n<meta name=\"robots\" content=\"index, follow, max-snippet:-1, max-image-preview:large, max-video-preview:-1\" \/>\n<link rel=\"canonical\" href=\"https:\/\/web.mandolinenorchester-hennef-kurscheid.de\/?p=5679\" \/>\n<meta property=\"og:locale\" content=\"de_DE\" \/>\n<meta property=\"og:type\" content=\"article\" \/>\n<meta property=\"og:title\" content=\"Verleihung der PRO MUSICA-Plakette - Mandolinenorchester Hennef\u2011Kurscheid 1924 e.V.\" \/>\n<meta property=\"og:description\" content=\"Am Sonntag, den 26.05.2024, wurde dem Mandolinenorchester Hennef-Kurscheid 1924 e.V. durch den Bundespr\u00e4sidenten Frank Walter Steinmeier die PRO MUSICA-Plakette verliehen \u201eals Auszeichnung f\u00fcr die in langj\u00e4hrigem Wirken erworbenen Verdienste um die Pflege des instrumentalen Musizierens und damit um die F\u00f6rderung des kulturellen Lebens.\u201c Die Verleihung erfolgte im Rahmen einer Festveranstaltung in der Rohrmeisterei in Schwerte, &hellip; \u201eVerleihung der PRO MUSICA-Plakette\u201c weiterlesen\" \/>\n<meta property=\"og:url\" content=\"https:\/\/web.mandolinenorchester-hennef-kurscheid.de\/?p=5679\" \/>\n<meta property=\"og:site_name\" content=\"Mandolinenorchester Hennef\u2011Kurscheid 1924 e.V.\" \/>\n<meta property=\"article:published_time\" content=\"2024-05-26T09:00:00+00:00\" \/>\n<meta property=\"article:modified_time\" content=\"2024-12-29T18:19:09+00:00\" \/>\n<meta property=\"og:image\" content=\"https:\/\/web.mandolinenorchester-hennef-kurscheid.de\/wp-content\/uploads\/2024\/12\/Pro-Musica-Verleihung.jpg\" \/>\n\t<meta property=\"og:image:width\" content=\"991\" \/>\n\t<meta property=\"og:image:height\" content=\"798\" \/>\n\t<meta property=\"og:image:type\" content=\"image\/jpeg\" \/>\n<meta name=\"author\" content=\"robert\" \/>\n<meta name=\"twitter:card\" content=\"summary_large_image\" \/>\n<meta name=\"twitter:label1\" content=\"Verfasst von\" \/>\n\t<meta name=\"twitter:data1\" content=\"robert\" \/>\n\t<meta name=\"twitter:label2\" content=\"Gesch\u00e4tzte Lesezeit\" \/>\n\t<meta name=\"twitter:data2\" content=\"2\u00a0Minuten\" \/>\n<script type=\"application\/ld+json\" class=\"yoast-schema-graph\">{\"@context\":\"https:\\\/\\\/schema.org\",\"@graph\":[{\"@type\":\"Article\",\"@id\":\"https:\\\/\\\/web.mandolinenorchester-hennef-kurscheid.de\\\/?p=5679#article\",\"isPartOf\":{\"@id\":\"https:\\\/\\\/web.mandolinenorchester-hennef-kurscheid.de\\\/?p=5679\"},\"author\":{\"name\":\"robert\",\"@id\":\"https:\\\/\\\/web.mandolinenorchester-hennef-kurscheid.de\\\/#\\\/schema\\\/person\\\/29f3601bba167eedfefef4a8242ad57e\"},\"headline\":\"Verleihung der PRO MUSICA-Plakette\",\"datePublished\":\"2024-05-26T09:00:00+00:00\",\"dateModified\":\"2024-12-29T18:19:09+00:00\",\"mainEntityOfPage\":{\"@id\":\"https:\\\/\\\/web.mandolinenorchester-hennef-kurscheid.de\\\/?p=5679\"},\"wordCount\":151,\"image\":{\"@id\":\"https:\\\/\\\/web.mandolinenorchester-hennef-kurscheid.de\\\/?p=5679#primaryimage\"},\"thumbnailUrl\":\"https:\\\/\\\/web.mandolinenorchester-hennef-kurscheid.de\\\/wp-content\\\/uploads\\\/2024\\\/12\\\/Pro-Musica-Verleihung.jpg\",\"inLanguage\":\"de\"},{\"@type\":\"WebPage\",\"@id\":\"https:\\\/\\\/web.mandolinenorchester-hennef-kurscheid.de\\\/?p=5679\",\"url\":\"https:\\\/\\\/web.mandolinenorchester-hennef-kurscheid.de\\\/?p=5679\",\"name\":\"Verleihung der PRO MUSICA-Plakette - Mandolinenorchester Hennef\u2011Kurscheid 1924 e.V.\",\"isPartOf\":{\"@id\":\"https:\\\/\\\/web.mandolinenorchester-hennef-kurscheid.de\\\/#website\"},\"primaryImageOfPage\":{\"@id\":\"https:\\\/\\\/web.mandolinenorchester-hennef-kurscheid.de\\\/?p=5679#primaryimage\"},\"image\":{\"@id\":\"https:\\\/\\\/web.mandolinenorchester-hennef-kurscheid.de\\\/?p=5679#primaryimage\"},\"thumbnailUrl\":\"https:\\\/\\\/web.mandolinenorchester-hennef-kurscheid.de\\\/wp-content\\\/uploads\\\/2024\\\/12\\\/Pro-Musica-Verleihung.jpg\",\"datePublished\":\"2024-05-26T09:00:00+00:00\",\"dateModified\":\"2024-12-29T18:19:09+00:00\",\"author\":{\"@id\":\"https:\\\/\\\/web.mandolinenorchester-hennef-kurscheid.de\\\/#\\\/schema\\\/person\\\/29f3601bba167eedfefef4a8242ad57e\"},\"breadcrumb\":{\"@id\":\"https:\\\/\\\/web.mandolinenorchester-hennef-kurscheid.de\\\/?p=5679#breadcrumb\"},\"inLanguage\":\"de\",\"potentialAction\":[{\"@type\":\"ReadAction\",\"target\":[\"https:\\\/\\\/web.mandolinenorchester-hennef-kurscheid.de\\\/?p=5679\"]}]},{\"@type\":\"ImageObject\",\"inLanguage\":\"de\",\"@id\":\"https:\\\/\\\/web.mandolinenorchester-hennef-kurscheid.de\\\/?p=5679#primaryimage\",\"url\":\"https:\\\/\\\/web.mandolinenorchester-hennef-kurscheid.de\\\/wp-content\\\/uploads\\\/2024\\\/12\\\/Pro-Musica-Verleihung.jpg\",\"contentUrl\":\"https:\\\/\\\/web.mandolinenorchester-hennef-kurscheid.de\\\/wp-content\\\/uploads\\\/2024\\\/12\\\/Pro-Musica-Verleihung.jpg\",\"width\":991,\"height\":798},{\"@type\":\"BreadcrumbList\",\"@id\":\"https:\\\/\\\/web.mandolinenorchester-hennef-kurscheid.de\\\/?p=5679#breadcrumb\",\"itemListElement\":[{\"@type\":\"ListItem\",\"position\":1,\"name\":\"Startseite\",\"item\":\"https:\\\/\\\/web.mandolinenorchester-hennef-kurscheid.de\\\/\"},{\"@type\":\"ListItem\",\"position\":2,\"name\":\"Verleihung der PRO MUSICA-Plakette\"}]},{\"@type\":\"WebSite\",\"@id\":\"https:\\\/\\\/web.mandolinenorchester-hennef-kurscheid.de\\\/#website\",\"url\":\"https:\\\/\\\/web.mandolinenorchester-hennef-kurscheid.de\\\/\",\"name\":\"Mandolinenorchester Hennef\u2011Kurscheid 1924 e.V.\",\"description\":\"Mitglied im Bund Deutscher Zupfmusiker e.V., Nr. 1055\",\"potentialAction\":[{\"@type\":\"SearchAction\",\"target\":{\"@type\":\"EntryPoint\",\"urlTemplate\":\"https:\\\/\\\/web.mandolinenorchester-hennef-kurscheid.de\\\/?s={search_term_string}\"},\"query-input\":{\"@type\":\"PropertyValueSpecification\",\"valueRequired\":true,\"valueName\":\"search_term_string\"}}],\"inLanguage\":\"de\"},{\"@type\":\"Person\",\"@id\":\"https:\\\/\\\/web.mandolinenorchester-hennef-kurscheid.de\\\/#\\\/schema\\\/person\\\/29f3601bba167eedfefef4a8242ad57e\",\"name\":\"robert\"}]}<\/script>\n<!-- \/ Yoast SEO plugin. -->","yoast_head_json":{"title":"Verleihung der PRO MUSICA-Plakette - Mandolinenorchester Hennef\u2011Kurscheid 1924 e.V.","robots":{"index":"index","follow":"follow","max-snippet":"max-snippet:-1","max-image-preview":"max-image-preview:large","max-video-preview":"max-video-preview:-1"},"canonical":"https:\/\/web.mandolinenorchester-hennef-kurscheid.de\/?p=5679","og_locale":"de_DE","og_type":"article","og_title":"Verleihung der PRO MUSICA-Plakette - Mandolinenorchester Hennef\u2011Kurscheid 1924 e.V.","og_description":"Am Sonntag, den 26.05.2024, wurde dem Mandolinenorchester Hennef-Kurscheid 1924 e.V. durch den Bundespr\u00e4sidenten Frank Walter Steinmeier die PRO MUSICA-Plakette verliehen \u201eals Auszeichnung f\u00fcr die in langj\u00e4hrigem Wirken erworbenen Verdienste um die Pflege des instrumentalen Musizierens und damit um die F\u00f6rderung des kulturellen Lebens.\u201c Die Verleihung erfolgte im Rahmen einer Festveranstaltung in der Rohrmeisterei in Schwerte, &hellip; \u201eVerleihung der PRO MUSICA-Plakette\u201c weiterlesen","og_url":"https:\/\/web.mandolinenorchester-hennef-kurscheid.de\/?p=5679","og_site_name":"Mandolinenorchester Hennef\u2011Kurscheid 1924 e.V.","article_published_time":"2024-05-26T09:00:00+00:00","article_modified_time":"2024-12-29T18:19:09+00:00","og_image":[{"width":991,"height":798,"url":"https:\/\/web.mandolinenorchester-hennef-kurscheid.de\/wp-content\/uploads\/2024\/12\/Pro-Musica-Verleihung.jpg","type":"image\/jpeg"}],"author":"robert","twitter_card":"summary_large_image","twitter_misc":{"Verfasst von":"robert","Gesch\u00e4tzte Lesezeit":"2\u00a0Minuten"},"schema":{"@context":"https:\/\/schema.org","@graph":[{"@type":"Article","@id":"https:\/\/web.mandolinenorchester-hennef-kurscheid.de\/?p=5679#article","isPartOf":{"@id":"https:\/\/web.mandolinenorchester-hennef-kurscheid.de\/?p=5679"},"author":{"name":"robert","@id":"https:\/\/web.mandolinenorchester-hennef-kurscheid.de\/#\/schema\/person\/29f3601bba167eedfefef4a8242ad57e"},"headline":"Verleihung der PRO MUSICA-Plakette","datePublished":"2024-05-26T09:00:00+00:00","dateModified":"2024-12-29T18:19:09+00:00","mainEntityOfPage":{"@id":"https:\/\/web.mandolinenorchester-hennef-kurscheid.de\/?p=5679"},"wordCount":151,"image":{"@id":"https:\/\/web.mandolinenorchester-hennef-kurscheid.de\/?p=5679#primaryimage"},"thumbnailUrl":"https:\/\/web.mandolinenorchester-hennef-kurscheid.de\/wp-content\/uploads\/2024\/12\/Pro-Musica-Verleihung.jpg","inLanguage":"de"},{"@type":"WebPage","@id":"https:\/\/web.mandolinenorchester-hennef-kurscheid.de\/?p=5679","url":"https:\/\/web.mandolinenorchester-hennef-kurscheid.de\/?p=5679","name":"Verleihung der PRO MUSICA-Plakette - Mandolinenorchester Hennef\u2011Kurscheid 1924 e.V.","isPartOf":{"@id":"https:\/\/web.mandolinenorchester-hennef-kurscheid.de\/#website"},"primaryImageOfPage":{"@id":"https:\/\/web.mandolinenorchester-hennef-kurscheid.de\/?p=5679#primaryimage"},"image":{"@id":"https:\/\/web.mandolinenorchester-hennef-kurscheid.de\/?p=5679#primaryimage"},"thumbnailUrl":"https:\/\/web.mandolinenorchester-hennef-kurscheid.de\/wp-content\/uploads\/2024\/12\/Pro-Musica-Verleihung.jpg","datePublished":"2024-05-26T09:00:00+00:00","dateModified":"2024-12-29T18:19:09+00:00","author":{"@id":"https:\/\/web.mandolinenorchester-hennef-kurscheid.de\/#\/schema\/person\/29f3601bba167eedfefef4a8242ad57e"},"breadcrumb":{"@id":"https:\/\/web.mandolinenorchester-hennef-kurscheid.de\/?p=5679#breadcrumb"},"inLanguage":"de","potentialAction":[{"@type":"ReadAction","target":["https:\/\/web.mandolinenorchester-hennef-kurscheid.de\/?p=5679"]}]},{"@type":"ImageObject","inLanguage":"de","@id":"https:\/\/web.mandolinenorchester-hennef-kurscheid.de\/?p=5679#primaryimage","url":"https:\/\/web.mandolinenorchester-hennef-kurscheid.de\/wp-content\/uploads\/2024\/12\/Pro-Musica-Verleihung.jpg","contentUrl":"https:\/\/web.mandolinenorchester-hennef-kurscheid.de\/wp-content\/uploads\/2024\/12\/Pro-Musica-Verleihung.jpg","width":991,"height":798},{"@type":"BreadcrumbList","@id":"https:\/\/web.mandolinenorchester-hennef-kurscheid.de\/?p=5679#breadcrumb","itemListElement":[{"@type":"ListItem","position":1,"name":"Startseite","item":"https:\/\/web.mandolinenorchester-hennef-kurscheid.de\/"},{"@type":"ListItem","position":2,"name":"Verleihung der PRO MUSICA-Plakette"}]},{"@type":"WebSite","@id":"https:\/\/web.mandolinenorchester-hennef-kurscheid.de\/#website","url":"https:\/\/web.mandolinenorchester-hennef-kurscheid.de\/","name":"Mandolinenorchester Hennef\u2011Kurscheid 1924 e.V.","description":"Mitglied im Bund Deutscher Zupfmusiker e.V., Nr. 1055","potentialAction":[{"@type":"SearchAction","target":{"@type":"EntryPoint","urlTemplate":"https:\/\/web.mandolinenorchester-hennef-kurscheid.de\/?s={search_term_string}"},"query-input":{"@type":"PropertyValueSpecification","valueRequired":true,"valueName":"search_term_string"}}],"inLanguage":"de"},{"@type":"Person","@id":"https:\/\/web.mandolinenorchester-hennef-kurscheid.de\/#\/schema\/person\/29f3601bba167eedfefef4a8242ad57e","name":"robert"}]}},"jetpack_featured_media_url":"","jetpack_sharing_enabled":true,"_links":{"self":[{"href":"https:\/\/web.mandolinenorchester-hennef-kurscheid.de\/index.php?rest_route=\/wp\/v2\/posts\/5679","targetHints":{"allow":["GET"]}}],"collection":[{"href":"https:\/\/web.mandolinenorchester-hennef-kurscheid.de\/index.php?rest_route=\/wp\/v2\/posts"}],"about":[{"href":"https:\/\/web.mandolinenorchester-hennef-kurscheid.de\/index.php?rest_route=\/wp\/v2\/types\/post"}],"author":[{"embeddable":true,"href":"https:\/\/web.mandolinenorchester-hennef-kurscheid.de\/index.php?rest_route=\/wp\/v2\/users\/1"}],"replies":[{"embeddable":true,"href":"https:\/\/web.mandolinenorchester-hennef-kurscheid.de\/index.php?rest_route=%2Fwp%2Fv2%2Fcomments&post=5679"}],"version-history":[{"count":2,"href":"https:\/\/web.mandolinenorchester-hennef-kurscheid.de\/index.php?rest_route=\/wp\/v2\/posts\/5679\/revisions"}],"predecessor-version":[{"id":5682,"href":"https:\/\/web.mandolinenorchester-hennef-kurscheid.de\/index.php?rest_route=\/wp\/v2\/posts\/5679\/revisions\/5682"}],"wp:attachment":[{"href":"https:\/\/web.mandolinenorchester-hennef-kurscheid.de\/index.php?rest_route=%2Fwp%2Fv2%2Fmedia&parent=5679"}],"wp:term":[{"taxonomy":"category","embeddable":true,"href":"https:\/\/web.mandolinenorchester-hennef-kurscheid.de\/index.php?rest_route=%2Fwp%2Fv2%2Fcategories&post=5679"},{"taxonomy":"post_tag","embeddable":true,"href":"https:\/\/web.mandolinenorchester-hennef-kurscheid.de\/index.php?rest_route=%2Fwp%2Fv2%2Ftags&post=5679"}],"curies":[{"name":"wp","href":"https:\/\/api.w.org\/{rel}","templated":true}]}}