{"id":4953,"date":"2023-04-24T09:16:25","date_gmt":"2023-04-24T07:16:25","guid":{"rendered":"https:\/\/web.mandolinenorchester-hennef-kurscheid.de\/?p=4953"},"modified":"2023-04-27T19:39:18","modified_gmt":"2023-04-27T17:39:18","slug":"feuer-und-flamme-konzert-in-der-meys-fabrik-2","status":"publish","type":"post","link":"https:\/\/web.mandolinenorchester-hennef-kurscheid.de\/?p=4953","title":{"rendered":"El Fuego Brillante (Konzert in Hennef-Rott)"},"content":{"rendered":"<div class=\"wp-block-image\">\n<figure class=\"aligncenter size-large\"><img loading=\"lazy\" decoding=\"async\" width=\"1024\" height=\"709\" src=\"https:\/\/web.mandolinenorchester-hennef-kurscheid.de\/wp-content\/uploads\/2023\/04\/2023-06-04-Flyer-Titelbild-1024x709.jpg\" alt=\"\" class=\"wp-image-4954\" srcset=\"https:\/\/web.mandolinenorchester-hennef-kurscheid.de\/wp-content\/uploads\/2023\/04\/2023-06-04-Flyer-Titelbild-1024x709.jpg 1024w, https:\/\/web.mandolinenorchester-hennef-kurscheid.de\/wp-content\/uploads\/2023\/04\/2023-06-04-Flyer-Titelbild-300x208.jpg 300w, https:\/\/web.mandolinenorchester-hennef-kurscheid.de\/wp-content\/uploads\/2023\/04\/2023-06-04-Flyer-Titelbild-768x532.jpg 768w, https:\/\/web.mandolinenorchester-hennef-kurscheid.de\/wp-content\/uploads\/2023\/04\/2023-06-04-Flyer-Titelbild-1536x1063.jpg 1536w, https:\/\/web.mandolinenorchester-hennef-kurscheid.de\/wp-content\/uploads\/2023\/04\/2023-06-04-Flyer-Titelbild.jpg 1950w\" sizes=\"auto, (max-width: 767px) 89vw, (max-width: 1000px) 54vw, (max-width: 1071px) 543px, 580px\" \/><\/figure>\n<\/div>\n\n\n<p class=\"has-text-align-center\">In Fortsetzung der Konzertreihe zur Mandoline als Instrument des Jahres 2023 laden wir Sie am <\/p>\n\n\n\n<p class=\"has-text-align-center\"><strong>Sonntag, den 4. Juni 2023 um 16:00 Uhr <\/strong><br><strong>(Einlass ab 15:30 Uhr) <\/strong><\/p>\n\n\n\n<p class=\"has-text-align-center\">zu unserem zweiten Fr\u00fchjahrskonzert unter dem Motto <strong>El Fuego Brillante<\/strong> ein.<\/p>\n\n\n\n<p class=\"has-text-align-center\">Diesmal in der wundersch\u00f6nen <strong>Kath. Pfarrkirche Sankt Mari\u00e4 Heimsuchung <\/strong>(Dambroicher Stra\u00dfe 23, 53773 Hennef-Rott). Mit einer brillanten Akustik, die die Musik der zarten Saiteninstrumente filigran, klar und hell erscheinen l\u00e4sst.<\/p>\n\n\n\n<p class=\"has-text-align-center\">Temperamentvolle Werke, irische Kl\u00e4nge, dramatische Filmmusik, verzaubernde Melodien und ein venezolanischer Walzer lassen die Mandoline in ihrer ganzen Vitalit\u00e4t aufleben. <\/p>\n\n\n\n<p class=\"has-text-align-center\">Perfect &#8211; f\u00fcr dieses Jahr, in der die Mandoline zum Instrument des Jahres gek\u00fcrt wurde.<\/p>\n\n\n\n<p class=\"has-text-align-center\"><em>Der Eintritt ist frei. <\/em><br><em>Am Ende wird um eine Spende gebeten.<\/em><\/p>\n\n\n\n<p class=\"has-text-align-center\"><em>Genie\u00dfen Sie unser Konzert und lassen Sie sich \u00fcberraschen!<\/em><\/p>\n\n\n\n<p class=\"has-text-align-center\"><em><a href=\"https:\/\/web.mandolinenorchester-hennef-kurscheid.de\/wp-content\/uploads\/2023\/04\/2023-06-04_Programm_Web.pdf\" target=\"_blank\" rel=\"noreferrer noopener\">Das Programm f\u00fcr dieses Konzert als PDF-Datei<\/a><\/em>.<\/p>\n","protected":false},"excerpt":{"rendered":"<p>In Fortsetzung der Konzertreihe zur Mandoline als Instrument des Jahres 2023 laden wir Sie am Sonntag, den 4. Juni 2023 um 16:00 Uhr (Einlass ab 15:30 Uhr) zu unserem zweiten Fr\u00fchjahrskonzert unter dem Motto El Fuego Brillante ein. Diesmal in der wundersch\u00f6nen Kath. Pfarrkirche Sankt Mari\u00e4 Heimsuchung (Dambroicher Stra\u00dfe 23, 53773 Hennef-Rott). Mit einer brillanten &hellip; <\/p>\n<p class=\"link-more\"><a href=\"https:\/\/web.mandolinenorchester-hennef-kurscheid.de\/?p=4953\" class=\"more-link\"><span class=\"screen-reader-text\">\u201eEl Fuego Brillante (Konzert in Hennef-Rott)\u201c <\/span>weiterlesen<\/a><\/p>\n","protected":false},"author":1,"featured_media":0,"comment_status":"closed","ping_status":"closed","sticky":false,"template":"","format":"standard","meta":{"_editorskit_title_hidden":false,"_editorskit_reading_time":0,"_editorskit_is_block_options_detached":false,"_editorskit_block_options_position":"{}","inline_featured_image":false,"_jetpack_memberships_contains_paid_content":false,"footnotes":""},"categories":[1],"tags":[],"class_list":["post-4953","post","type-post","status-publish","format-standard","hentry","category-allgemein"],"yoast_head":"<!-- This site is optimized with the Yoast SEO plugin v27.5 - https:\/\/yoast.com\/product\/yoast-seo-wordpress\/ -->\n<title>El Fuego Brillante (Konzert in Hennef-Rott) - Mandolinenorchester Hennef\u2011Kurscheid 1924 e.V.<\/title>\n<meta name=\"robots\" content=\"index, follow, max-snippet:-1, max-image-preview:large, max-video-preview:-1\" \/>\n<link rel=\"canonical\" href=\"https:\/\/web.mandolinenorchester-hennef-kurscheid.de\/?p=4953\" \/>\n<meta property=\"og:locale\" content=\"de_DE\" \/>\n<meta property=\"og:type\" content=\"article\" \/>\n<meta property=\"og:title\" content=\"El Fuego Brillante (Konzert in Hennef-Rott) - Mandolinenorchester Hennef\u2011Kurscheid 1924 e.V.\" \/>\n<meta property=\"og:description\" content=\"In Fortsetzung der Konzertreihe zur Mandoline als Instrument des Jahres 2023 laden wir Sie am Sonntag, den 4. Juni 2023 um 16:00 Uhr (Einlass ab 15:30 Uhr) zu unserem zweiten Fr\u00fchjahrskonzert unter dem Motto El Fuego Brillante ein. Diesmal in der wundersch\u00f6nen Kath. Pfarrkirche Sankt Mari\u00e4 Heimsuchung (Dambroicher Stra\u00dfe 23, 53773 Hennef-Rott). Mit einer brillanten &hellip; \u201eEl Fuego Brillante (Konzert in Hennef-Rott)\u201c weiterlesen\" \/>\n<meta property=\"og:url\" content=\"https:\/\/web.mandolinenorchester-hennef-kurscheid.de\/?p=4953\" \/>\n<meta property=\"og:site_name\" content=\"Mandolinenorchester Hennef\u2011Kurscheid 1924 e.V.\" \/>\n<meta property=\"article:published_time\" content=\"2023-04-24T07:16:25+00:00\" \/>\n<meta property=\"article:modified_time\" content=\"2023-04-27T17:39:18+00:00\" \/>\n<meta property=\"og:image\" content=\"https:\/\/web.mandolinenorchester-hennef-kurscheid.de\/wp-content\/uploads\/2023\/04\/2023-06-04-Flyer-Titelbild-1024x709.jpg\" \/>\n<meta name=\"author\" content=\"robert\" \/>\n<meta name=\"twitter:card\" content=\"summary_large_image\" \/>\n<meta name=\"twitter:label1\" content=\"Verfasst von\" \/>\n\t<meta name=\"twitter:data1\" content=\"robert\" \/>\n\t<meta name=\"twitter:label2\" content=\"Gesch\u00e4tzte Lesezeit\" \/>\n\t<meta name=\"twitter:data2\" content=\"1\u00a0Minute\" \/>\n<script type=\"application\/ld+json\" class=\"yoast-schema-graph\">{\"@context\":\"https:\\\/\\\/schema.org\",\"@graph\":[{\"@type\":\"Article\",\"@id\":\"https:\\\/\\\/web.mandolinenorchester-hennef-kurscheid.de\\\/?p=4953#article\",\"isPartOf\":{\"@id\":\"https:\\\/\\\/web.mandolinenorchester-hennef-kurscheid.de\\\/?p=4953\"},\"author\":{\"name\":\"robert\",\"@id\":\"https:\\\/\\\/web.mandolinenorchester-hennef-kurscheid.de\\\/#\\\/schema\\\/person\\\/29f3601bba167eedfefef4a8242ad57e\"},\"headline\":\"El Fuego Brillante (Konzert in Hennef-Rott)\",\"datePublished\":\"2023-04-24T07:16:25+00:00\",\"dateModified\":\"2023-04-27T17:39:18+00:00\",\"mainEntityOfPage\":{\"@id\":\"https:\\\/\\\/web.mandolinenorchester-hennef-kurscheid.de\\\/?p=4953\"},\"wordCount\":139,\"image\":{\"@id\":\"https:\\\/\\\/web.mandolinenorchester-hennef-kurscheid.de\\\/?p=4953#primaryimage\"},\"thumbnailUrl\":\"https:\\\/\\\/web.mandolinenorchester-hennef-kurscheid.de\\\/wp-content\\\/uploads\\\/2023\\\/04\\\/2023-06-04-Flyer-Titelbild-1024x709.jpg\",\"inLanguage\":\"de\"},{\"@type\":\"WebPage\",\"@id\":\"https:\\\/\\\/web.mandolinenorchester-hennef-kurscheid.de\\\/?p=4953\",\"url\":\"https:\\\/\\\/web.mandolinenorchester-hennef-kurscheid.de\\\/?p=4953\",\"name\":\"El Fuego Brillante (Konzert in Hennef-Rott) - Mandolinenorchester Hennef\u2011Kurscheid 1924 e.V.\",\"isPartOf\":{\"@id\":\"https:\\\/\\\/web.mandolinenorchester-hennef-kurscheid.de\\\/#website\"},\"primaryImageOfPage\":{\"@id\":\"https:\\\/\\\/web.mandolinenorchester-hennef-kurscheid.de\\\/?p=4953#primaryimage\"},\"image\":{\"@id\":\"https:\\\/\\\/web.mandolinenorchester-hennef-kurscheid.de\\\/?p=4953#primaryimage\"},\"thumbnailUrl\":\"https:\\\/\\\/web.mandolinenorchester-hennef-kurscheid.de\\\/wp-content\\\/uploads\\\/2023\\\/04\\\/2023-06-04-Flyer-Titelbild-1024x709.jpg\",\"datePublished\":\"2023-04-24T07:16:25+00:00\",\"dateModified\":\"2023-04-27T17:39:18+00:00\",\"author\":{\"@id\":\"https:\\\/\\\/web.mandolinenorchester-hennef-kurscheid.de\\\/#\\\/schema\\\/person\\\/29f3601bba167eedfefef4a8242ad57e\"},\"breadcrumb\":{\"@id\":\"https:\\\/\\\/web.mandolinenorchester-hennef-kurscheid.de\\\/?p=4953#breadcrumb\"},\"inLanguage\":\"de\",\"potentialAction\":[{\"@type\":\"ReadAction\",\"target\":[\"https:\\\/\\\/web.mandolinenorchester-hennef-kurscheid.de\\\/?p=4953\"]}]},{\"@type\":\"ImageObject\",\"inLanguage\":\"de\",\"@id\":\"https:\\\/\\\/web.mandolinenorchester-hennef-kurscheid.de\\\/?p=4953#primaryimage\",\"url\":\"https:\\\/\\\/web.mandolinenorchester-hennef-kurscheid.de\\\/wp-content\\\/uploads\\\/2023\\\/04\\\/2023-06-04-Flyer-Titelbild.jpg\",\"contentUrl\":\"https:\\\/\\\/web.mandolinenorchester-hennef-kurscheid.de\\\/wp-content\\\/uploads\\\/2023\\\/04\\\/2023-06-04-Flyer-Titelbild.jpg\",\"width\":1950,\"height\":1350},{\"@type\":\"BreadcrumbList\",\"@id\":\"https:\\\/\\\/web.mandolinenorchester-hennef-kurscheid.de\\\/?p=4953#breadcrumb\",\"itemListElement\":[{\"@type\":\"ListItem\",\"position\":1,\"name\":\"Startseite\",\"item\":\"https:\\\/\\\/web.mandolinenorchester-hennef-kurscheid.de\\\/\"},{\"@type\":\"ListItem\",\"position\":2,\"name\":\"El Fuego Brillante (Konzert in Hennef-Rott)\"}]},{\"@type\":\"WebSite\",\"@id\":\"https:\\\/\\\/web.mandolinenorchester-hennef-kurscheid.de\\\/#website\",\"url\":\"https:\\\/\\\/web.mandolinenorchester-hennef-kurscheid.de\\\/\",\"name\":\"Mandolinenorchester Hennef\u2011Kurscheid 1924 e.V.\",\"description\":\"Mitglied im Bund Deutscher Zupfmusiker e.V., Nr. 1055\",\"potentialAction\":[{\"@type\":\"SearchAction\",\"target\":{\"@type\":\"EntryPoint\",\"urlTemplate\":\"https:\\\/\\\/web.mandolinenorchester-hennef-kurscheid.de\\\/?s={search_term_string}\"},\"query-input\":{\"@type\":\"PropertyValueSpecification\",\"valueRequired\":true,\"valueName\":\"search_term_string\"}}],\"inLanguage\":\"de\"},{\"@type\":\"Person\",\"@id\":\"https:\\\/\\\/web.mandolinenorchester-hennef-kurscheid.de\\\/#\\\/schema\\\/person\\\/29f3601bba167eedfefef4a8242ad57e\",\"name\":\"robert\"}]}<\/script>\n<!-- \/ Yoast SEO plugin. -->","yoast_head_json":{"title":"El Fuego Brillante (Konzert in Hennef-Rott) - Mandolinenorchester Hennef\u2011Kurscheid 1924 e.V.","robots":{"index":"index","follow":"follow","max-snippet":"max-snippet:-1","max-image-preview":"max-image-preview:large","max-video-preview":"max-video-preview:-1"},"canonical":"https:\/\/web.mandolinenorchester-hennef-kurscheid.de\/?p=4953","og_locale":"de_DE","og_type":"article","og_title":"El Fuego Brillante (Konzert in Hennef-Rott) - Mandolinenorchester Hennef\u2011Kurscheid 1924 e.V.","og_description":"In Fortsetzung der Konzertreihe zur Mandoline als Instrument des Jahres 2023 laden wir Sie am Sonntag, den 4. Juni 2023 um 16:00 Uhr (Einlass ab 15:30 Uhr) zu unserem zweiten Fr\u00fchjahrskonzert unter dem Motto El Fuego Brillante ein. Diesmal in der wundersch\u00f6nen Kath. Pfarrkirche Sankt Mari\u00e4 Heimsuchung (Dambroicher Stra\u00dfe 23, 53773 Hennef-Rott). Mit einer brillanten &hellip; \u201eEl Fuego Brillante (Konzert in Hennef-Rott)\u201c weiterlesen","og_url":"https:\/\/web.mandolinenorchester-hennef-kurscheid.de\/?p=4953","og_site_name":"Mandolinenorchester Hennef\u2011Kurscheid 1924 e.V.","article_published_time":"2023-04-24T07:16:25+00:00","article_modified_time":"2023-04-27T17:39:18+00:00","og_image":[{"url":"https:\/\/web.mandolinenorchester-hennef-kurscheid.de\/wp-content\/uploads\/2023\/04\/2023-06-04-Flyer-Titelbild-1024x709.jpg","type":"","width":"","height":""}],"author":"robert","twitter_card":"summary_large_image","twitter_misc":{"Verfasst von":"robert","Gesch\u00e4tzte Lesezeit":"1\u00a0Minute"},"schema":{"@context":"https:\/\/schema.org","@graph":[{"@type":"Article","@id":"https:\/\/web.mandolinenorchester-hennef-kurscheid.de\/?p=4953#article","isPartOf":{"@id":"https:\/\/web.mandolinenorchester-hennef-kurscheid.de\/?p=4953"},"author":{"name":"robert","@id":"https:\/\/web.mandolinenorchester-hennef-kurscheid.de\/#\/schema\/person\/29f3601bba167eedfefef4a8242ad57e"},"headline":"El Fuego Brillante (Konzert in Hennef-Rott)","datePublished":"2023-04-24T07:16:25+00:00","dateModified":"2023-04-27T17:39:18+00:00","mainEntityOfPage":{"@id":"https:\/\/web.mandolinenorchester-hennef-kurscheid.de\/?p=4953"},"wordCount":139,"image":{"@id":"https:\/\/web.mandolinenorchester-hennef-kurscheid.de\/?p=4953#primaryimage"},"thumbnailUrl":"https:\/\/web.mandolinenorchester-hennef-kurscheid.de\/wp-content\/uploads\/2023\/04\/2023-06-04-Flyer-Titelbild-1024x709.jpg","inLanguage":"de"},{"@type":"WebPage","@id":"https:\/\/web.mandolinenorchester-hennef-kurscheid.de\/?p=4953","url":"https:\/\/web.mandolinenorchester-hennef-kurscheid.de\/?p=4953","name":"El Fuego Brillante (Konzert in Hennef-Rott) - Mandolinenorchester Hennef\u2011Kurscheid 1924 e.V.","isPartOf":{"@id":"https:\/\/web.mandolinenorchester-hennef-kurscheid.de\/#website"},"primaryImageOfPage":{"@id":"https:\/\/web.mandolinenorchester-hennef-kurscheid.de\/?p=4953#primaryimage"},"image":{"@id":"https:\/\/web.mandolinenorchester-hennef-kurscheid.de\/?p=4953#primaryimage"},"thumbnailUrl":"https:\/\/web.mandolinenorchester-hennef-kurscheid.de\/wp-content\/uploads\/2023\/04\/2023-06-04-Flyer-Titelbild-1024x709.jpg","datePublished":"2023-04-24T07:16:25+00:00","dateModified":"2023-04-27T17:39:18+00:00","author":{"@id":"https:\/\/web.mandolinenorchester-hennef-kurscheid.de\/#\/schema\/person\/29f3601bba167eedfefef4a8242ad57e"},"breadcrumb":{"@id":"https:\/\/web.mandolinenorchester-hennef-kurscheid.de\/?p=4953#breadcrumb"},"inLanguage":"de","potentialAction":[{"@type":"ReadAction","target":["https:\/\/web.mandolinenorchester-hennef-kurscheid.de\/?p=4953"]}]},{"@type":"ImageObject","inLanguage":"de","@id":"https:\/\/web.mandolinenorchester-hennef-kurscheid.de\/?p=4953#primaryimage","url":"https:\/\/web.mandolinenorchester-hennef-kurscheid.de\/wp-content\/uploads\/2023\/04\/2023-06-04-Flyer-Titelbild.jpg","contentUrl":"https:\/\/web.mandolinenorchester-hennef-kurscheid.de\/wp-content\/uploads\/2023\/04\/2023-06-04-Flyer-Titelbild.jpg","width":1950,"height":1350},{"@type":"BreadcrumbList","@id":"https:\/\/web.mandolinenorchester-hennef-kurscheid.de\/?p=4953#breadcrumb","itemListElement":[{"@type":"ListItem","position":1,"name":"Startseite","item":"https:\/\/web.mandolinenorchester-hennef-kurscheid.de\/"},{"@type":"ListItem","position":2,"name":"El Fuego Brillante (Konzert in Hennef-Rott)"}]},{"@type":"WebSite","@id":"https:\/\/web.mandolinenorchester-hennef-kurscheid.de\/#website","url":"https:\/\/web.mandolinenorchester-hennef-kurscheid.de\/","name":"Mandolinenorchester Hennef\u2011Kurscheid 1924 e.V.","description":"Mitglied im Bund Deutscher Zupfmusiker e.V., Nr. 1055","potentialAction":[{"@type":"SearchAction","target":{"@type":"EntryPoint","urlTemplate":"https:\/\/web.mandolinenorchester-hennef-kurscheid.de\/?s={search_term_string}"},"query-input":{"@type":"PropertyValueSpecification","valueRequired":true,"valueName":"search_term_string"}}],"inLanguage":"de"},{"@type":"Person","@id":"https:\/\/web.mandolinenorchester-hennef-kurscheid.de\/#\/schema\/person\/29f3601bba167eedfefef4a8242ad57e","name":"robert"}]}},"jetpack_featured_media_url":"","jetpack_sharing_enabled":true,"_links":{"self":[{"href":"https:\/\/web.mandolinenorchester-hennef-kurscheid.de\/index.php?rest_route=\/wp\/v2\/posts\/4953","targetHints":{"allow":["GET"]}}],"collection":[{"href":"https:\/\/web.mandolinenorchester-hennef-kurscheid.de\/index.php?rest_route=\/wp\/v2\/posts"}],"about":[{"href":"https:\/\/web.mandolinenorchester-hennef-kurscheid.de\/index.php?rest_route=\/wp\/v2\/types\/post"}],"author":[{"embeddable":true,"href":"https:\/\/web.mandolinenorchester-hennef-kurscheid.de\/index.php?rest_route=\/wp\/v2\/users\/1"}],"replies":[{"embeddable":true,"href":"https:\/\/web.mandolinenorchester-hennef-kurscheid.de\/index.php?rest_route=%2Fwp%2Fv2%2Fcomments&post=4953"}],"version-history":[{"count":13,"href":"https:\/\/web.mandolinenorchester-hennef-kurscheid.de\/index.php?rest_route=\/wp\/v2\/posts\/4953\/revisions"}],"predecessor-version":[{"id":4977,"href":"https:\/\/web.mandolinenorchester-hennef-kurscheid.de\/index.php?rest_route=\/wp\/v2\/posts\/4953\/revisions\/4977"}],"wp:attachment":[{"href":"https:\/\/web.mandolinenorchester-hennef-kurscheid.de\/index.php?rest_route=%2Fwp%2Fv2%2Fmedia&parent=4953"}],"wp:term":[{"taxonomy":"category","embeddable":true,"href":"https:\/\/web.mandolinenorchester-hennef-kurscheid.de\/index.php?rest_route=%2Fwp%2Fv2%2Fcategories&post=4953"},{"taxonomy":"post_tag","embeddable":true,"href":"https:\/\/web.mandolinenorchester-hennef-kurscheid.de\/index.php?rest_route=%2Fwp%2Fv2%2Ftags&post=4953"}],"curies":[{"name":"wp","href":"https:\/\/api.w.org\/{rel}","templated":true}]}}