{"id":2285,"date":"2018-06-17T12:31:31","date_gmt":"2018-06-17T10:31:31","guid":{"rendered":"http:\/\/familie-draken.selfhost.eu\/?p=2285"},"modified":"2019-10-04T12:27:58","modified_gmt":"2019-10-04T10:27:58","slug":"konzert-in-der-meys-fabrik-am-8-juli-2018-um-1100-uhr","status":"publish","type":"post","link":"https:\/\/web.mandolinenorchester-hennef-kurscheid.de\/?p=2285","title":{"rendered":"Konzert in der Meys Fabrik am 8. Juli 2018 um 11:00 Uhr"},"content":{"rendered":"\n<figure class=\"wp-block-image\"><img loading=\"lazy\" decoding=\"async\" width=\"904\" height=\"640\" src=\"https:\/\/web.mandolinenorchester-hennef-kurscheid.de\/wp-content\/uploads\/2018\/06\/2018-07-08_Flyer.jpg\" alt=\"\" class=\"wp-image-2287\"\/><\/figure>\n\n\n<p><strong>Con brio<\/strong> (feurig, lebhaft) &#8211; Unter diesem Motto l\u00e4dt Sie das Mandolinenorchester Hennef-Kurscheid 1924 e.V. ganz herzlich zu seinem Sommerkonzert am Sonntag, den 8. Juli 2018, um 11:00 Uhr in die Meys Fabrik (Beethovenstra\u00dfe 21, 53773 Hennef) ein.<\/p>\n<p>Unser Jugendorchester wird das Konzert er\u00f6ffnen und unter anderem mit dem <em>Mandorock<\/em> den Konzertsaal zum Beben bringen.<\/p>\n<p>Mit dem <em>Balletto f\u00fcr Fl\u00f6te und Zupforchester <\/em>von Kurt Schwaen und dem <em>Konzert f\u00fcr Mandoline und Zupforchester<\/em> von Torelli werden Sie Michael Piel an der Mandoline und Nina Lienemann an der Querfl\u00f6te mit ihren virtuosen Darbietungen begeistern.<\/p>\n<p>Nat\u00fcrlich darf auch ein St\u00fcck f\u00fcr\u00b4s Herz nicht fehlen: Die <em>Serenata danzante italiana <\/em>von Max Baumann bringt die romantische Seite der Zupfmusik zur Geltung und zeigt dabei doch, wie wild und feurig die Liebe manchmal sein kann.<\/p>\n<p>Lauschen Sie den feurig bewegten Kl\u00e4ngen des <em>Dance of the Fire Celebration<\/em> von Yasuo Kuwahara und der beschwingten <em>Latin Groove<\/em> von Dieter Kreidler.<\/p>\n<p>Lassen Sie sich vom Feuer der Zupfmusik anstecken!<\/p>\n<p style=\"text-align: center;\"><a title=\"Programm f\u00fcr Konzert am 01.07.2017 in der Meys Fabrik\" href=\".\/wp-content\/uploads\/2018\/06\/2018-07-08_Programm_Web.pdf\" target=\"_blank\" rel=\"noopener noreferrer\">Programm f\u00fcr das Konzert am 08.07.2018 in der Meys Fabrik<\/a><\/p>","protected":false},"excerpt":{"rendered":"<p>Con brio (feurig, lebhaft) &#8211; Unter diesem Motto l\u00e4dt Sie das Mandolinenorchester Hennef-Kurscheid 1924 e.V. ganz herzlich zu seinem Sommerkonzert am Sonntag, den 8. Juli 2018, um 11:00 Uhr in die Meys Fabrik (Beethovenstra\u00dfe 21, 53773 Hennef) ein. Unser Jugendorchester wird das Konzert er\u00f6ffnen und unter anderem mit dem Mandorock den Konzertsaal zum Beben bringen. &hellip; <\/p>\n<p class=\"link-more\"><a href=\"https:\/\/web.mandolinenorchester-hennef-kurscheid.de\/?p=2285\" class=\"more-link\"><span class=\"screen-reader-text\">\u201eKonzert in der Meys Fabrik am 8. Juli 2018 um 11:00 Uhr\u201c <\/span>weiterlesen<\/a><\/p>\n","protected":false},"author":1,"featured_media":0,"comment_status":"closed","ping_status":"closed","sticky":false,"template":"","format":"standard","meta":{"_editorskit_title_hidden":false,"_editorskit_reading_time":0,"_editorskit_is_block_options_detached":false,"_editorskit_block_options_position":"{}","inline_featured_image":false,"_jetpack_memberships_contains_paid_content":false,"footnotes":""},"categories":[1,7,9],"tags":[],"class_list":["post-2285","post","type-post","status-publish","format-standard","hentry","category-allgemein","category-konzertankundigung","category-konzerttermine"],"yoast_head":"<!-- This site is optimized with the Yoast SEO plugin v27.5 - https:\/\/yoast.com\/product\/yoast-seo-wordpress\/ -->\n<title>Konzert in der Meys Fabrik am 8. Juli 2018 um 11:00 Uhr - Mandolinenorchester Hennef\u2011Kurscheid 1924 e.V.<\/title>\n<meta name=\"robots\" content=\"index, follow, max-snippet:-1, max-image-preview:large, max-video-preview:-1\" \/>\n<link rel=\"canonical\" href=\"https:\/\/web.mandolinenorchester-hennef-kurscheid.de\/?p=2285\" \/>\n<meta property=\"og:locale\" content=\"de_DE\" \/>\n<meta property=\"og:type\" content=\"article\" \/>\n<meta property=\"og:title\" content=\"Konzert in der Meys Fabrik am 8. Juli 2018 um 11:00 Uhr - Mandolinenorchester Hennef\u2011Kurscheid 1924 e.V.\" \/>\n<meta property=\"og:description\" content=\"Con brio (feurig, lebhaft) &#8211; Unter diesem Motto l\u00e4dt Sie das Mandolinenorchester Hennef-Kurscheid 1924 e.V. ganz herzlich zu seinem Sommerkonzert am Sonntag, den 8. Juli 2018, um 11:00 Uhr in die Meys Fabrik (Beethovenstra\u00dfe 21, 53773 Hennef) ein. Unser Jugendorchester wird das Konzert er\u00f6ffnen und unter anderem mit dem Mandorock den Konzertsaal zum Beben bringen. &hellip; \u201eKonzert in der Meys Fabrik am 8. Juli 2018 um 11:00 Uhr\u201c weiterlesen\" \/>\n<meta property=\"og:url\" content=\"https:\/\/web.mandolinenorchester-hennef-kurscheid.de\/?p=2285\" \/>\n<meta property=\"og:site_name\" content=\"Mandolinenorchester Hennef\u2011Kurscheid 1924 e.V.\" \/>\n<meta property=\"article:published_time\" content=\"2018-06-17T10:31:31+00:00\" \/>\n<meta property=\"article:modified_time\" content=\"2019-10-04T10:27:58+00:00\" \/>\n<meta property=\"og:image\" content=\"https:\/\/web.mandolinenorchester-hennef-kurscheid.de\/wp-content\/uploads\/2018\/06\/2018-07-08_Flyer.jpg\" \/>\n<meta name=\"author\" content=\"robert\" \/>\n<meta name=\"twitter:card\" content=\"summary_large_image\" \/>\n<meta name=\"twitter:label1\" content=\"Verfasst von\" \/>\n\t<meta name=\"twitter:data1\" content=\"robert\" \/>\n\t<meta name=\"twitter:label2\" content=\"Gesch\u00e4tzte Lesezeit\" \/>\n\t<meta name=\"twitter:data2\" content=\"1\u00a0Minute\" \/>\n<script type=\"application\/ld+json\" class=\"yoast-schema-graph\">{\"@context\":\"https:\\\/\\\/schema.org\",\"@graph\":[{\"@type\":\"Article\",\"@id\":\"https:\\\/\\\/web.mandolinenorchester-hennef-kurscheid.de\\\/?p=2285#article\",\"isPartOf\":{\"@id\":\"https:\\\/\\\/web.mandolinenorchester-hennef-kurscheid.de\\\/?p=2285\"},\"author\":{\"name\":\"robert\",\"@id\":\"https:\\\/\\\/web.mandolinenorchester-hennef-kurscheid.de\\\/#\\\/schema\\\/person\\\/29f3601bba167eedfefef4a8242ad57e\"},\"headline\":\"Konzert in der Meys Fabrik am 8. Juli 2018 um 11:00 Uhr\",\"datePublished\":\"2018-06-17T10:31:31+00:00\",\"dateModified\":\"2019-10-04T10:27:58+00:00\",\"mainEntityOfPage\":{\"@id\":\"https:\\\/\\\/web.mandolinenorchester-hennef-kurscheid.de\\\/?p=2285\"},\"wordCount\":186,\"image\":{\"@id\":\"https:\\\/\\\/web.mandolinenorchester-hennef-kurscheid.de\\\/?p=2285#primaryimage\"},\"thumbnailUrl\":\"https:\\\/\\\/web.mandolinenorchester-hennef-kurscheid.de\\\/wp-content\\\/uploads\\\/2018\\\/06\\\/2018-07-08_Flyer.jpg\",\"articleSection\":{\"1\":\"Konzertank\u00fcndigung\",\"2\":\"Konzerttermine\"},\"inLanguage\":\"de\"},{\"@type\":\"WebPage\",\"@id\":\"https:\\\/\\\/web.mandolinenorchester-hennef-kurscheid.de\\\/?p=2285\",\"url\":\"https:\\\/\\\/web.mandolinenorchester-hennef-kurscheid.de\\\/?p=2285\",\"name\":\"Konzert in der Meys Fabrik am 8. Juli 2018 um 11:00 Uhr - Mandolinenorchester Hennef\u2011Kurscheid 1924 e.V.\",\"isPartOf\":{\"@id\":\"https:\\\/\\\/web.mandolinenorchester-hennef-kurscheid.de\\\/#website\"},\"primaryImageOfPage\":{\"@id\":\"https:\\\/\\\/web.mandolinenorchester-hennef-kurscheid.de\\\/?p=2285#primaryimage\"},\"image\":{\"@id\":\"https:\\\/\\\/web.mandolinenorchester-hennef-kurscheid.de\\\/?p=2285#primaryimage\"},\"thumbnailUrl\":\"https:\\\/\\\/web.mandolinenorchester-hennef-kurscheid.de\\\/wp-content\\\/uploads\\\/2018\\\/06\\\/2018-07-08_Flyer.jpg\",\"datePublished\":\"2018-06-17T10:31:31+00:00\",\"dateModified\":\"2019-10-04T10:27:58+00:00\",\"author\":{\"@id\":\"https:\\\/\\\/web.mandolinenorchester-hennef-kurscheid.de\\\/#\\\/schema\\\/person\\\/29f3601bba167eedfefef4a8242ad57e\"},\"breadcrumb\":{\"@id\":\"https:\\\/\\\/web.mandolinenorchester-hennef-kurscheid.de\\\/?p=2285#breadcrumb\"},\"inLanguage\":\"de\",\"potentialAction\":[{\"@type\":\"ReadAction\",\"target\":[\"https:\\\/\\\/web.mandolinenorchester-hennef-kurscheid.de\\\/?p=2285\"]}]},{\"@type\":\"ImageObject\",\"inLanguage\":\"de\",\"@id\":\"https:\\\/\\\/web.mandolinenorchester-hennef-kurscheid.de\\\/?p=2285#primaryimage\",\"url\":\"https:\\\/\\\/web.mandolinenorchester-hennef-kurscheid.de\\\/wp-content\\\/uploads\\\/2018\\\/06\\\/2018-07-08_Flyer.jpg\",\"contentUrl\":\"https:\\\/\\\/web.mandolinenorchester-hennef-kurscheid.de\\\/wp-content\\\/uploads\\\/2018\\\/06\\\/2018-07-08_Flyer.jpg\",\"width\":904,\"height\":640},{\"@type\":\"BreadcrumbList\",\"@id\":\"https:\\\/\\\/web.mandolinenorchester-hennef-kurscheid.de\\\/?p=2285#breadcrumb\",\"itemListElement\":[{\"@type\":\"ListItem\",\"position\":1,\"name\":\"Startseite\",\"item\":\"https:\\\/\\\/web.mandolinenorchester-hennef-kurscheid.de\\\/\"},{\"@type\":\"ListItem\",\"position\":2,\"name\":\"Konzert in der Meys Fabrik am 8. Juli 2018 um 11:00 Uhr\"}]},{\"@type\":\"WebSite\",\"@id\":\"https:\\\/\\\/web.mandolinenorchester-hennef-kurscheid.de\\\/#website\",\"url\":\"https:\\\/\\\/web.mandolinenorchester-hennef-kurscheid.de\\\/\",\"name\":\"Mandolinenorchester Hennef\u2011Kurscheid 1924 e.V.\",\"description\":\"Mitglied im Bund Deutscher Zupfmusiker e.V., Nr. 1055\",\"potentialAction\":[{\"@type\":\"SearchAction\",\"target\":{\"@type\":\"EntryPoint\",\"urlTemplate\":\"https:\\\/\\\/web.mandolinenorchester-hennef-kurscheid.de\\\/?s={search_term_string}\"},\"query-input\":{\"@type\":\"PropertyValueSpecification\",\"valueRequired\":true,\"valueName\":\"search_term_string\"}}],\"inLanguage\":\"de\"},{\"@type\":\"Person\",\"@id\":\"https:\\\/\\\/web.mandolinenorchester-hennef-kurscheid.de\\\/#\\\/schema\\\/person\\\/29f3601bba167eedfefef4a8242ad57e\",\"name\":\"robert\"}]}<\/script>\n<!-- \/ Yoast SEO plugin. -->","yoast_head_json":{"title":"Konzert in der Meys Fabrik am 8. Juli 2018 um 11:00 Uhr - Mandolinenorchester Hennef\u2011Kurscheid 1924 e.V.","robots":{"index":"index","follow":"follow","max-snippet":"max-snippet:-1","max-image-preview":"max-image-preview:large","max-video-preview":"max-video-preview:-1"},"canonical":"https:\/\/web.mandolinenorchester-hennef-kurscheid.de\/?p=2285","og_locale":"de_DE","og_type":"article","og_title":"Konzert in der Meys Fabrik am 8. Juli 2018 um 11:00 Uhr - Mandolinenorchester Hennef\u2011Kurscheid 1924 e.V.","og_description":"Con brio (feurig, lebhaft) &#8211; Unter diesem Motto l\u00e4dt Sie das Mandolinenorchester Hennef-Kurscheid 1924 e.V. ganz herzlich zu seinem Sommerkonzert am Sonntag, den 8. Juli 2018, um 11:00 Uhr in die Meys Fabrik (Beethovenstra\u00dfe 21, 53773 Hennef) ein. Unser Jugendorchester wird das Konzert er\u00f6ffnen und unter anderem mit dem Mandorock den Konzertsaal zum Beben bringen. &hellip; \u201eKonzert in der Meys Fabrik am 8. Juli 2018 um 11:00 Uhr\u201c weiterlesen","og_url":"https:\/\/web.mandolinenorchester-hennef-kurscheid.de\/?p=2285","og_site_name":"Mandolinenorchester Hennef\u2011Kurscheid 1924 e.V.","article_published_time":"2018-06-17T10:31:31+00:00","article_modified_time":"2019-10-04T10:27:58+00:00","og_image":[{"url":"https:\/\/web.mandolinenorchester-hennef-kurscheid.de\/wp-content\/uploads\/2018\/06\/2018-07-08_Flyer.jpg","type":"","width":"","height":""}],"author":"robert","twitter_card":"summary_large_image","twitter_misc":{"Verfasst von":"robert","Gesch\u00e4tzte Lesezeit":"1\u00a0Minute"},"schema":{"@context":"https:\/\/schema.org","@graph":[{"@type":"Article","@id":"https:\/\/web.mandolinenorchester-hennef-kurscheid.de\/?p=2285#article","isPartOf":{"@id":"https:\/\/web.mandolinenorchester-hennef-kurscheid.de\/?p=2285"},"author":{"name":"robert","@id":"https:\/\/web.mandolinenorchester-hennef-kurscheid.de\/#\/schema\/person\/29f3601bba167eedfefef4a8242ad57e"},"headline":"Konzert in der Meys Fabrik am 8. Juli 2018 um 11:00 Uhr","datePublished":"2018-06-17T10:31:31+00:00","dateModified":"2019-10-04T10:27:58+00:00","mainEntityOfPage":{"@id":"https:\/\/web.mandolinenorchester-hennef-kurscheid.de\/?p=2285"},"wordCount":186,"image":{"@id":"https:\/\/web.mandolinenorchester-hennef-kurscheid.de\/?p=2285#primaryimage"},"thumbnailUrl":"https:\/\/web.mandolinenorchester-hennef-kurscheid.de\/wp-content\/uploads\/2018\/06\/2018-07-08_Flyer.jpg","articleSection":{"1":"Konzertank\u00fcndigung","2":"Konzerttermine"},"inLanguage":"de"},{"@type":"WebPage","@id":"https:\/\/web.mandolinenorchester-hennef-kurscheid.de\/?p=2285","url":"https:\/\/web.mandolinenorchester-hennef-kurscheid.de\/?p=2285","name":"Konzert in der Meys Fabrik am 8. Juli 2018 um 11:00 Uhr - Mandolinenorchester Hennef\u2011Kurscheid 1924 e.V.","isPartOf":{"@id":"https:\/\/web.mandolinenorchester-hennef-kurscheid.de\/#website"},"primaryImageOfPage":{"@id":"https:\/\/web.mandolinenorchester-hennef-kurscheid.de\/?p=2285#primaryimage"},"image":{"@id":"https:\/\/web.mandolinenorchester-hennef-kurscheid.de\/?p=2285#primaryimage"},"thumbnailUrl":"https:\/\/web.mandolinenorchester-hennef-kurscheid.de\/wp-content\/uploads\/2018\/06\/2018-07-08_Flyer.jpg","datePublished":"2018-06-17T10:31:31+00:00","dateModified":"2019-10-04T10:27:58+00:00","author":{"@id":"https:\/\/web.mandolinenorchester-hennef-kurscheid.de\/#\/schema\/person\/29f3601bba167eedfefef4a8242ad57e"},"breadcrumb":{"@id":"https:\/\/web.mandolinenorchester-hennef-kurscheid.de\/?p=2285#breadcrumb"},"inLanguage":"de","potentialAction":[{"@type":"ReadAction","target":["https:\/\/web.mandolinenorchester-hennef-kurscheid.de\/?p=2285"]}]},{"@type":"ImageObject","inLanguage":"de","@id":"https:\/\/web.mandolinenorchester-hennef-kurscheid.de\/?p=2285#primaryimage","url":"https:\/\/web.mandolinenorchester-hennef-kurscheid.de\/wp-content\/uploads\/2018\/06\/2018-07-08_Flyer.jpg","contentUrl":"https:\/\/web.mandolinenorchester-hennef-kurscheid.de\/wp-content\/uploads\/2018\/06\/2018-07-08_Flyer.jpg","width":904,"height":640},{"@type":"BreadcrumbList","@id":"https:\/\/web.mandolinenorchester-hennef-kurscheid.de\/?p=2285#breadcrumb","itemListElement":[{"@type":"ListItem","position":1,"name":"Startseite","item":"https:\/\/web.mandolinenorchester-hennef-kurscheid.de\/"},{"@type":"ListItem","position":2,"name":"Konzert in der Meys Fabrik am 8. Juli 2018 um 11:00 Uhr"}]},{"@type":"WebSite","@id":"https:\/\/web.mandolinenorchester-hennef-kurscheid.de\/#website","url":"https:\/\/web.mandolinenorchester-hennef-kurscheid.de\/","name":"Mandolinenorchester Hennef\u2011Kurscheid 1924 e.V.","description":"Mitglied im Bund Deutscher Zupfmusiker e.V., Nr. 1055","potentialAction":[{"@type":"SearchAction","target":{"@type":"EntryPoint","urlTemplate":"https:\/\/web.mandolinenorchester-hennef-kurscheid.de\/?s={search_term_string}"},"query-input":{"@type":"PropertyValueSpecification","valueRequired":true,"valueName":"search_term_string"}}],"inLanguage":"de"},{"@type":"Person","@id":"https:\/\/web.mandolinenorchester-hennef-kurscheid.de\/#\/schema\/person\/29f3601bba167eedfefef4a8242ad57e","name":"robert"}]}},"jetpack_featured_media_url":"","jetpack_sharing_enabled":true,"_links":{"self":[{"href":"https:\/\/web.mandolinenorchester-hennef-kurscheid.de\/index.php?rest_route=\/wp\/v2\/posts\/2285","targetHints":{"allow":["GET"]}}],"collection":[{"href":"https:\/\/web.mandolinenorchester-hennef-kurscheid.de\/index.php?rest_route=\/wp\/v2\/posts"}],"about":[{"href":"https:\/\/web.mandolinenorchester-hennef-kurscheid.de\/index.php?rest_route=\/wp\/v2\/types\/post"}],"author":[{"embeddable":true,"href":"https:\/\/web.mandolinenorchester-hennef-kurscheid.de\/index.php?rest_route=\/wp\/v2\/users\/1"}],"replies":[{"embeddable":true,"href":"https:\/\/web.mandolinenorchester-hennef-kurscheid.de\/index.php?rest_route=%2Fwp%2Fv2%2Fcomments&post=2285"}],"version-history":[{"count":2,"href":"https:\/\/web.mandolinenorchester-hennef-kurscheid.de\/index.php?rest_route=\/wp\/v2\/posts\/2285\/revisions"}],"predecessor-version":[{"id":3029,"href":"https:\/\/web.mandolinenorchester-hennef-kurscheid.de\/index.php?rest_route=\/wp\/v2\/posts\/2285\/revisions\/3029"}],"wp:attachment":[{"href":"https:\/\/web.mandolinenorchester-hennef-kurscheid.de\/index.php?rest_route=%2Fwp%2Fv2%2Fmedia&parent=2285"}],"wp:term":[{"taxonomy":"category","embeddable":true,"href":"https:\/\/web.mandolinenorchester-hennef-kurscheid.de\/index.php?rest_route=%2Fwp%2Fv2%2Fcategories&post=2285"},{"taxonomy":"post_tag","embeddable":true,"href":"https:\/\/web.mandolinenorchester-hennef-kurscheid.de\/index.php?rest_route=%2Fwp%2Fv2%2Ftags&post=2285"}],"curies":[{"name":"wp","href":"https:\/\/api.w.org\/{rel}","templated":true}]}}