{"id":1948,"date":"2017-06-05T19:05:58","date_gmt":"2017-06-05T17:05:58","guid":{"rendered":"http:\/\/familie-draken.selfhost.eu\/?p=1948"},"modified":"2019-10-04T12:38:45","modified_gmt":"2019-10-04T10:38:45","slug":"konzert-in-der-meys-fabrik-am-1-mai-2017","status":"publish","type":"post","link":"https:\/\/web.mandolinenorchester-hennef-kurscheid.de\/?p=1948","title":{"rendered":"Konzert in der Meys Fabrik am 1. Juli 2017"},"content":{"rendered":"\n<p> Wir\u00a0m\u00f6chten Sie herzlich\u00a0zu einer musikalischen Erfahrung gemeinsam mit unserem Orchester und Jugendzupforchester sowie den Zupfmusikfreunden Bad H\u00f6nningen einladen: <\/p>\n\n\n\n<figure class=\"wp-block-image\"><img loading=\"lazy\" decoding=\"async\" width=\"1284\" height=\"909\" src=\"https:\/\/web.mandolinenorchester-hennef-kurscheid.de\/wp-content\/uploads\/2017\/05\/2017-07-01_Flyer.jpg\" alt=\"\" class=\"wp-image-1953\"\/><\/figure>\n\n\n<p style=\"text-align: center;\"><span style=\"font-family: Calibri; font-size: medium;\">Bei so vielen Orchestern ist auch das Programm sehr vielf\u00e4ltig: Lassen Sie sich verzaubern von den magischen Kl\u00e4ngen der Zaubermandoline, interpretiert von unserem preisgekr\u00f6nten Jugendzupforchester und lassen sie sich von den mitrei\u00dfenden Rhythmen der Rumba Flamenca gedanklich nach S\u00fcdamerika entf\u00fchren, dem Ursprung aller Lebensfreude.<br \/><\/span><span style=\"font-family: Calibri; font-size: medium;\"><br \/>Das sehr abwechslungsreiche Programm der Zupfmusikfreunde aus Bad H\u00f6nningen reicht von einer klassischen Sinfonie Nr. 3 bis hin zum modernen Memories of Bendigo.<br \/><\/span><span style=\"font-family: Calibri; font-size: medium;\"><br \/>Der H\u00f6hepunkt des Konzertes wird die gemeinsame Auff\u00fchrung der Finlandia Suite durch beide Orchester sein. Denn am Ende steht das Konzert ganz unter dem Motto Freundschaft und Zusammenarbeit.<\/span><\/p>\n<p style=\"text-align: center;\"><span style=\"color: #4f81bd;\"><a style=\"color: #4f81bd;\" title=\"Programm f\u00fcr Konzert am 01.07.2017 in der Meys Fabrik\" href=\".\/wp-content\/uploads\/2017\/05\/2017-07-01_Programm-Web.pdf\" target=\"_blank\" rel=\"noopener noreferrer\"><span style=\"font-family: Calibri; font-size: medium;\">Programm f\u00fcr das Konzert am 01.07.2017 in der Meys Fabrik<\/span><\/a><\/span><\/p>","protected":false},"excerpt":{"rendered":"<p>Wir\u00a0m\u00f6chten Sie herzlich\u00a0zu einer musikalischen Erfahrung gemeinsam mit unserem Orchester und Jugendzupforchester sowie den Zupfmusikfreunden Bad H\u00f6nningen einladen: Bei so vielen Orchestern ist auch das Programm sehr vielf\u00e4ltig: Lassen Sie sich verzaubern von den magischen Kl\u00e4ngen der Zaubermandoline, interpretiert von unserem preisgekr\u00f6nten Jugendzupforchester und lassen sie sich von den mitrei\u00dfenden Rhythmen der Rumba Flamenca gedanklich &hellip; <\/p>\n<p class=\"link-more\"><a href=\"https:\/\/web.mandolinenorchester-hennef-kurscheid.de\/?p=1948\" class=\"more-link\"><span class=\"screen-reader-text\">\u201eKonzert in der Meys Fabrik am 1. Juli 2017\u201c <\/span>weiterlesen<\/a><\/p>\n","protected":false},"author":1,"featured_media":0,"comment_status":"closed","ping_status":"closed","sticky":false,"template":"","format":"standard","meta":{"_editorskit_title_hidden":false,"_editorskit_reading_time":0,"_editorskit_is_block_options_detached":false,"_editorskit_block_options_position":"{}","inline_featured_image":false,"_jetpack_memberships_contains_paid_content":false,"footnotes":""},"categories":[1,7,9],"tags":[],"class_list":["post-1948","post","type-post","status-publish","format-standard","hentry","category-allgemein","category-konzertankundigung","category-konzerttermine"],"yoast_head":"<!-- This site is optimized with the Yoast SEO plugin v27.4 - https:\/\/yoast.com\/product\/yoast-seo-wordpress\/ -->\n<title>Konzert in der Meys Fabrik am 1. Juli 2017 - Mandolinenorchester Hennef\u2011Kurscheid 1924 e.V.<\/title>\n<meta name=\"robots\" content=\"index, follow, max-snippet:-1, max-image-preview:large, max-video-preview:-1\" \/>\n<link rel=\"canonical\" href=\"https:\/\/web.mandolinenorchester-hennef-kurscheid.de\/?p=1948\" \/>\n<meta property=\"og:locale\" content=\"de_DE\" \/>\n<meta property=\"og:type\" content=\"article\" \/>\n<meta property=\"og:title\" content=\"Konzert in der Meys Fabrik am 1. Juli 2017 - Mandolinenorchester Hennef\u2011Kurscheid 1924 e.V.\" \/>\n<meta property=\"og:description\" content=\"Wir\u00a0m\u00f6chten Sie herzlich\u00a0zu einer musikalischen Erfahrung gemeinsam mit unserem Orchester und Jugendzupforchester sowie den Zupfmusikfreunden Bad H\u00f6nningen einladen: Bei so vielen Orchestern ist auch das Programm sehr vielf\u00e4ltig: Lassen Sie sich verzaubern von den magischen Kl\u00e4ngen der Zaubermandoline, interpretiert von unserem preisgekr\u00f6nten Jugendzupforchester und lassen sie sich von den mitrei\u00dfenden Rhythmen der Rumba Flamenca gedanklich &hellip; \u201eKonzert in der Meys Fabrik am 1. Juli 2017\u201c weiterlesen\" \/>\n<meta property=\"og:url\" content=\"https:\/\/web.mandolinenorchester-hennef-kurscheid.de\/?p=1948\" \/>\n<meta property=\"og:site_name\" content=\"Mandolinenorchester Hennef\u2011Kurscheid 1924 e.V.\" \/>\n<meta property=\"article:published_time\" content=\"2017-06-05T17:05:58+00:00\" \/>\n<meta property=\"article:modified_time\" content=\"2019-10-04T10:38:45+00:00\" \/>\n<meta property=\"og:image\" content=\"https:\/\/web.mandolinenorchester-hennef-kurscheid.de\/wp-content\/uploads\/2017\/05\/2017-07-01_Flyer.jpg\" \/>\n<meta name=\"author\" content=\"robert\" \/>\n<meta name=\"twitter:card\" content=\"summary_large_image\" \/>\n<meta name=\"twitter:label1\" content=\"Verfasst von\" \/>\n\t<meta name=\"twitter:data1\" content=\"robert\" \/>\n\t<meta name=\"twitter:label2\" content=\"Gesch\u00e4tzte Lesezeit\" \/>\n\t<meta name=\"twitter:data2\" content=\"1\u00a0Minute\" \/>\n<script type=\"application\/ld+json\" class=\"yoast-schema-graph\">{\"@context\":\"https:\\\/\\\/schema.org\",\"@graph\":[{\"@type\":\"Article\",\"@id\":\"https:\\\/\\\/web.mandolinenorchester-hennef-kurscheid.de\\\/?p=1948#article\",\"isPartOf\":{\"@id\":\"https:\\\/\\\/web.mandolinenorchester-hennef-kurscheid.de\\\/?p=1948\"},\"author\":{\"name\":\"robert\",\"@id\":\"https:\\\/\\\/web.mandolinenorchester-hennef-kurscheid.de\\\/#\\\/schema\\\/person\\\/29f3601bba167eedfefef4a8242ad57e\"},\"headline\":\"Konzert in der Meys Fabrik am 1. Juli 2017\",\"datePublished\":\"2017-06-05T17:05:58+00:00\",\"dateModified\":\"2019-10-04T10:38:45+00:00\",\"mainEntityOfPage\":{\"@id\":\"https:\\\/\\\/web.mandolinenorchester-hennef-kurscheid.de\\\/?p=1948\"},\"wordCount\":142,\"image\":{\"@id\":\"https:\\\/\\\/web.mandolinenorchester-hennef-kurscheid.de\\\/?p=1948#primaryimage\"},\"thumbnailUrl\":\"https:\\\/\\\/web.mandolinenorchester-hennef-kurscheid.de\\\/wp-content\\\/uploads\\\/2017\\\/05\\\/2017-07-01_Flyer.jpg\",\"articleSection\":{\"1\":\"Konzertank\u00fcndigung\",\"2\":\"Konzerttermine\"},\"inLanguage\":\"de\"},{\"@type\":\"WebPage\",\"@id\":\"https:\\\/\\\/web.mandolinenorchester-hennef-kurscheid.de\\\/?p=1948\",\"url\":\"https:\\\/\\\/web.mandolinenorchester-hennef-kurscheid.de\\\/?p=1948\",\"name\":\"Konzert in der Meys Fabrik am 1. Juli 2017 - Mandolinenorchester Hennef\u2011Kurscheid 1924 e.V.\",\"isPartOf\":{\"@id\":\"https:\\\/\\\/web.mandolinenorchester-hennef-kurscheid.de\\\/#website\"},\"primaryImageOfPage\":{\"@id\":\"https:\\\/\\\/web.mandolinenorchester-hennef-kurscheid.de\\\/?p=1948#primaryimage\"},\"image\":{\"@id\":\"https:\\\/\\\/web.mandolinenorchester-hennef-kurscheid.de\\\/?p=1948#primaryimage\"},\"thumbnailUrl\":\"https:\\\/\\\/web.mandolinenorchester-hennef-kurscheid.de\\\/wp-content\\\/uploads\\\/2017\\\/05\\\/2017-07-01_Flyer.jpg\",\"datePublished\":\"2017-06-05T17:05:58+00:00\",\"dateModified\":\"2019-10-04T10:38:45+00:00\",\"author\":{\"@id\":\"https:\\\/\\\/web.mandolinenorchester-hennef-kurscheid.de\\\/#\\\/schema\\\/person\\\/29f3601bba167eedfefef4a8242ad57e\"},\"breadcrumb\":{\"@id\":\"https:\\\/\\\/web.mandolinenorchester-hennef-kurscheid.de\\\/?p=1948#breadcrumb\"},\"inLanguage\":\"de\",\"potentialAction\":[{\"@type\":\"ReadAction\",\"target\":[\"https:\\\/\\\/web.mandolinenorchester-hennef-kurscheid.de\\\/?p=1948\"]}]},{\"@type\":\"ImageObject\",\"inLanguage\":\"de\",\"@id\":\"https:\\\/\\\/web.mandolinenorchester-hennef-kurscheid.de\\\/?p=1948#primaryimage\",\"url\":\"https:\\\/\\\/web.mandolinenorchester-hennef-kurscheid.de\\\/wp-content\\\/uploads\\\/2017\\\/05\\\/2017-07-01_Flyer.jpg\",\"contentUrl\":\"https:\\\/\\\/web.mandolinenorchester-hennef-kurscheid.de\\\/wp-content\\\/uploads\\\/2017\\\/05\\\/2017-07-01_Flyer.jpg\",\"width\":1284,\"height\":909},{\"@type\":\"BreadcrumbList\",\"@id\":\"https:\\\/\\\/web.mandolinenorchester-hennef-kurscheid.de\\\/?p=1948#breadcrumb\",\"itemListElement\":[{\"@type\":\"ListItem\",\"position\":1,\"name\":\"Startseite\",\"item\":\"https:\\\/\\\/web.mandolinenorchester-hennef-kurscheid.de\\\/\"},{\"@type\":\"ListItem\",\"position\":2,\"name\":\"Konzert in der Meys Fabrik am 1. Juli 2017\"}]},{\"@type\":\"WebSite\",\"@id\":\"https:\\\/\\\/web.mandolinenorchester-hennef-kurscheid.de\\\/#website\",\"url\":\"https:\\\/\\\/web.mandolinenorchester-hennef-kurscheid.de\\\/\",\"name\":\"Mandolinenorchester Hennef\u2011Kurscheid 1924 e.V.\",\"description\":\"Mitglied im Bund Deutscher Zupfmusiker e.V., Nr. 1055\",\"potentialAction\":[{\"@type\":\"SearchAction\",\"target\":{\"@type\":\"EntryPoint\",\"urlTemplate\":\"https:\\\/\\\/web.mandolinenorchester-hennef-kurscheid.de\\\/?s={search_term_string}\"},\"query-input\":{\"@type\":\"PropertyValueSpecification\",\"valueRequired\":true,\"valueName\":\"search_term_string\"}}],\"inLanguage\":\"de\"},{\"@type\":\"Person\",\"@id\":\"https:\\\/\\\/web.mandolinenorchester-hennef-kurscheid.de\\\/#\\\/schema\\\/person\\\/29f3601bba167eedfefef4a8242ad57e\",\"name\":\"robert\"}]}<\/script>\n<!-- \/ Yoast SEO plugin. -->","yoast_head_json":{"title":"Konzert in der Meys Fabrik am 1. Juli 2017 - Mandolinenorchester Hennef\u2011Kurscheid 1924 e.V.","robots":{"index":"index","follow":"follow","max-snippet":"max-snippet:-1","max-image-preview":"max-image-preview:large","max-video-preview":"max-video-preview:-1"},"canonical":"https:\/\/web.mandolinenorchester-hennef-kurscheid.de\/?p=1948","og_locale":"de_DE","og_type":"article","og_title":"Konzert in der Meys Fabrik am 1. Juli 2017 - Mandolinenorchester Hennef\u2011Kurscheid 1924 e.V.","og_description":"Wir\u00a0m\u00f6chten Sie herzlich\u00a0zu einer musikalischen Erfahrung gemeinsam mit unserem Orchester und Jugendzupforchester sowie den Zupfmusikfreunden Bad H\u00f6nningen einladen: Bei so vielen Orchestern ist auch das Programm sehr vielf\u00e4ltig: Lassen Sie sich verzaubern von den magischen Kl\u00e4ngen der Zaubermandoline, interpretiert von unserem preisgekr\u00f6nten Jugendzupforchester und lassen sie sich von den mitrei\u00dfenden Rhythmen der Rumba Flamenca gedanklich &hellip; \u201eKonzert in der Meys Fabrik am 1. Juli 2017\u201c weiterlesen","og_url":"https:\/\/web.mandolinenorchester-hennef-kurscheid.de\/?p=1948","og_site_name":"Mandolinenorchester Hennef\u2011Kurscheid 1924 e.V.","article_published_time":"2017-06-05T17:05:58+00:00","article_modified_time":"2019-10-04T10:38:45+00:00","og_image":[{"url":"https:\/\/web.mandolinenorchester-hennef-kurscheid.de\/wp-content\/uploads\/2017\/05\/2017-07-01_Flyer.jpg","type":"","width":"","height":""}],"author":"robert","twitter_card":"summary_large_image","twitter_misc":{"Verfasst von":"robert","Gesch\u00e4tzte Lesezeit":"1\u00a0Minute"},"schema":{"@context":"https:\/\/schema.org","@graph":[{"@type":"Article","@id":"https:\/\/web.mandolinenorchester-hennef-kurscheid.de\/?p=1948#article","isPartOf":{"@id":"https:\/\/web.mandolinenorchester-hennef-kurscheid.de\/?p=1948"},"author":{"name":"robert","@id":"https:\/\/web.mandolinenorchester-hennef-kurscheid.de\/#\/schema\/person\/29f3601bba167eedfefef4a8242ad57e"},"headline":"Konzert in der Meys Fabrik am 1. Juli 2017","datePublished":"2017-06-05T17:05:58+00:00","dateModified":"2019-10-04T10:38:45+00:00","mainEntityOfPage":{"@id":"https:\/\/web.mandolinenorchester-hennef-kurscheid.de\/?p=1948"},"wordCount":142,"image":{"@id":"https:\/\/web.mandolinenorchester-hennef-kurscheid.de\/?p=1948#primaryimage"},"thumbnailUrl":"https:\/\/web.mandolinenorchester-hennef-kurscheid.de\/wp-content\/uploads\/2017\/05\/2017-07-01_Flyer.jpg","articleSection":{"1":"Konzertank\u00fcndigung","2":"Konzerttermine"},"inLanguage":"de"},{"@type":"WebPage","@id":"https:\/\/web.mandolinenorchester-hennef-kurscheid.de\/?p=1948","url":"https:\/\/web.mandolinenorchester-hennef-kurscheid.de\/?p=1948","name":"Konzert in der Meys Fabrik am 1. Juli 2017 - Mandolinenorchester Hennef\u2011Kurscheid 1924 e.V.","isPartOf":{"@id":"https:\/\/web.mandolinenorchester-hennef-kurscheid.de\/#website"},"primaryImageOfPage":{"@id":"https:\/\/web.mandolinenorchester-hennef-kurscheid.de\/?p=1948#primaryimage"},"image":{"@id":"https:\/\/web.mandolinenorchester-hennef-kurscheid.de\/?p=1948#primaryimage"},"thumbnailUrl":"https:\/\/web.mandolinenorchester-hennef-kurscheid.de\/wp-content\/uploads\/2017\/05\/2017-07-01_Flyer.jpg","datePublished":"2017-06-05T17:05:58+00:00","dateModified":"2019-10-04T10:38:45+00:00","author":{"@id":"https:\/\/web.mandolinenorchester-hennef-kurscheid.de\/#\/schema\/person\/29f3601bba167eedfefef4a8242ad57e"},"breadcrumb":{"@id":"https:\/\/web.mandolinenorchester-hennef-kurscheid.de\/?p=1948#breadcrumb"},"inLanguage":"de","potentialAction":[{"@type":"ReadAction","target":["https:\/\/web.mandolinenorchester-hennef-kurscheid.de\/?p=1948"]}]},{"@type":"ImageObject","inLanguage":"de","@id":"https:\/\/web.mandolinenorchester-hennef-kurscheid.de\/?p=1948#primaryimage","url":"https:\/\/web.mandolinenorchester-hennef-kurscheid.de\/wp-content\/uploads\/2017\/05\/2017-07-01_Flyer.jpg","contentUrl":"https:\/\/web.mandolinenorchester-hennef-kurscheid.de\/wp-content\/uploads\/2017\/05\/2017-07-01_Flyer.jpg","width":1284,"height":909},{"@type":"BreadcrumbList","@id":"https:\/\/web.mandolinenorchester-hennef-kurscheid.de\/?p=1948#breadcrumb","itemListElement":[{"@type":"ListItem","position":1,"name":"Startseite","item":"https:\/\/web.mandolinenorchester-hennef-kurscheid.de\/"},{"@type":"ListItem","position":2,"name":"Konzert in der Meys Fabrik am 1. Juli 2017"}]},{"@type":"WebSite","@id":"https:\/\/web.mandolinenorchester-hennef-kurscheid.de\/#website","url":"https:\/\/web.mandolinenorchester-hennef-kurscheid.de\/","name":"Mandolinenorchester Hennef\u2011Kurscheid 1924 e.V.","description":"Mitglied im Bund Deutscher Zupfmusiker e.V., Nr. 1055","potentialAction":[{"@type":"SearchAction","target":{"@type":"EntryPoint","urlTemplate":"https:\/\/web.mandolinenorchester-hennef-kurscheid.de\/?s={search_term_string}"},"query-input":{"@type":"PropertyValueSpecification","valueRequired":true,"valueName":"search_term_string"}}],"inLanguage":"de"},{"@type":"Person","@id":"https:\/\/web.mandolinenorchester-hennef-kurscheid.de\/#\/schema\/person\/29f3601bba167eedfefef4a8242ad57e","name":"robert"}]}},"jetpack_featured_media_url":"","jetpack_sharing_enabled":true,"_links":{"self":[{"href":"https:\/\/web.mandolinenorchester-hennef-kurscheid.de\/index.php?rest_route=\/wp\/v2\/posts\/1948","targetHints":{"allow":["GET"]}}],"collection":[{"href":"https:\/\/web.mandolinenorchester-hennef-kurscheid.de\/index.php?rest_route=\/wp\/v2\/posts"}],"about":[{"href":"https:\/\/web.mandolinenorchester-hennef-kurscheid.de\/index.php?rest_route=\/wp\/v2\/types\/post"}],"author":[{"embeddable":true,"href":"https:\/\/web.mandolinenorchester-hennef-kurscheid.de\/index.php?rest_route=\/wp\/v2\/users\/1"}],"replies":[{"embeddable":true,"href":"https:\/\/web.mandolinenorchester-hennef-kurscheid.de\/index.php?rest_route=%2Fwp%2Fv2%2Fcomments&post=1948"}],"version-history":[{"count":1,"href":"https:\/\/web.mandolinenorchester-hennef-kurscheid.de\/index.php?rest_route=\/wp\/v2\/posts\/1948\/revisions"}],"predecessor-version":[{"id":3040,"href":"https:\/\/web.mandolinenorchester-hennef-kurscheid.de\/index.php?rest_route=\/wp\/v2\/posts\/1948\/revisions\/3040"}],"wp:attachment":[{"href":"https:\/\/web.mandolinenorchester-hennef-kurscheid.de\/index.php?rest_route=%2Fwp%2Fv2%2Fmedia&parent=1948"}],"wp:term":[{"taxonomy":"category","embeddable":true,"href":"https:\/\/web.mandolinenorchester-hennef-kurscheid.de\/index.php?rest_route=%2Fwp%2Fv2%2Fcategories&post=1948"},{"taxonomy":"post_tag","embeddable":true,"href":"https:\/\/web.mandolinenorchester-hennef-kurscheid.de\/index.php?rest_route=%2Fwp%2Fv2%2Ftags&post=1948"}],"curies":[{"name":"wp","href":"https:\/\/api.w.org\/{rel}","templated":true}]}}