{"id":1117,"date":"2015-02-28T14:51:58","date_gmt":"2015-02-28T13:51:58","guid":{"rendered":"http:\/\/www.mandolinenorchester-hennef-kurscheid.de\/?p=1117"},"modified":"2019-10-04T12:53:38","modified_gmt":"2019-10-04T10:53:38","slug":"grosser-erfolg-beim-jugend-musiziert-regionalwettbewerb","status":"publish","type":"post","link":"https:\/\/web.mandolinenorchester-hennef-kurscheid.de\/?p=1117","title":{"rendered":"Gro\u00dfer Erfolg beim Jugend Musiziert-Regionalwettbewerb"},"content":{"rendered":"\n<p> Auch in diesem Jahr konnten wieder viele junge Spielerinnen und Spieler aus den Reihen unseres Vereins durch ihren enormen Einsatz beim Regionalwettbewerb von Jugend Musiziert hervorragende Platzierungen erreichen. Hier die Ergebnisse im Detail: <\/p>\n\n\n\n<p><strong>Kategorie Gitarre, Altersgruppe I B:<\/strong><\/p>\n\n\n\n<ul class=\"wp-block-list\"><li>Svenja Lienemann, 21 Punkte, 1. Preis<\/li><\/ul>\n\n\n\n<p><strong>Kategorie Gitarre, Altersgruppe V: <\/strong><\/p>\n\n\n\n<ul class=\"wp-block-list\"><li>Niklas Halm, 24. Punkte, 1. Preis<br>(mit Weiterleitung zum Landeswettbewerb)<\/li><\/ul>\n\n\n\n<p><strong>Kategorie Mandoline, Altersgruppe I B:<\/strong><\/p>\n\n\n\n<ul class=\"wp-block-list\"><li>Kerstin Draken, 24 Punkte, 1. Preis<\/li><li>Svenja Lienemann, 23 Punkte, 1. Preis<br>(mit Begleitung von Nina Lienemann)<\/li><\/ul>\n\n\n\n<p><strong>Kategorie Mandoline, <\/strong>Altersgruppe II:<\/p>\n\n\n\n<ul class=\"wp-block-list\"><li>Janne Dettinger, 22 Punkte, 1. Preis<\/li><\/ul>\n\n\n\n<p><strong>Kategorie Mandoline, Altersgruppe III:<\/strong><\/p>\n\n\n\n<ul class=\"wp-block-list\"><li>Xenia Stratmann, 23 Punkte, 1. Preis<br>(mit Weiterleitung zum Landeswettbewerb)<\/li><li>Astrid Draken, 22 Punkte, 1. Preis<\/li><\/ul>\n\n\n\n<p><strong>Kategorie Mandoline, Altersgruppe IV<\/strong><\/p>\n\n\n\n<ul class=\"wp-block-list\"><li>Denise K\u00f6hn, 23. Punkte, 1. Preis<br>(mit Weiterleitung zum Landeswettbewerb)<\/li><\/ul>\n\n\n\n<p>Wir gratulieren allen Preistr\u00e4gern ganz herzlich und dr\u00fccken die Daumen f\u00fcr die n\u00e4chste Runde im Landeswettbewerb. <\/p>\n\n\n\n<p> Bei der Urkundenverleihung im Sitzungssaal des Kreishauses Siegburg nach dem Preistr\u00e4gerkonzert am Sonntag, den 22. Februar 2015: <\/p>\n\n\n\n<div class=\"wp-block-image\"><figure class=\"aligncenter\"><img loading=\"lazy\" decoding=\"async\" width=\"400\" height=\"604\" src=\"https:\/\/web.mandolinenorchester-hennef-kurscheid.de\/wp-content\/uploads\/2015\/02\/JuMu_2015_Regionalwettbewerb-e1425131611196.jpg\" alt=\"\" class=\"wp-image-1114\"\/><\/figure><\/div>\n\n\n\n<p>Ein gro\u00dfer Dank geht nat\u00fcrlich auch an die Ausbilder der Kinder, die mit gro\u00dfem Geschick und viel Ausdauer die St\u00fccke mit den Kindern einge\u00fcbt haben. Damit also an Kanaho Debinsksi, die Niklas Halm unterrichtet, und vor allem an Elke Limbach, die alle anderen der genannten Kinder unterrichtet. <\/p>\n","protected":false},"excerpt":{"rendered":"<p>Auch in diesem Jahr konnten wieder viele junge Spielerinnen und Spieler aus den Reihen unseres Vereins durch ihren enormen Einsatz beim Regionalwettbewerb von Jugend Musiziert hervorragende Platzierungen erreichen. Hier die Ergebnisse im Detail: Kategorie Gitarre, Altersgruppe I B: Svenja Lienemann, 21 Punkte, 1. Preis Kategorie Gitarre, Altersgruppe V: Niklas Halm, 24. Punkte, 1. Preis(mit Weiterleitung &hellip; <\/p>\n<p class=\"link-more\"><a href=\"https:\/\/web.mandolinenorchester-hennef-kurscheid.de\/?p=1117\" class=\"more-link\"><span class=\"screen-reader-text\">\u201eGro\u00dfer Erfolg beim Jugend Musiziert-Regionalwettbewerb\u201c <\/span>weiterlesen<\/a><\/p>\n","protected":false},"author":1,"featured_media":0,"comment_status":"closed","ping_status":"closed","sticky":false,"template":"","format":"standard","meta":{"_editorskit_title_hidden":false,"_editorskit_reading_time":0,"_editorskit_is_block_options_detached":false,"_editorskit_block_options_position":"{}","inline_featured_image":false,"_jetpack_memberships_contains_paid_content":false,"footnotes":""},"categories":[1],"tags":[],"class_list":["post-1117","post","type-post","status-publish","format-standard","hentry","category-allgemein"],"yoast_head":"<!-- This site is optimized with the Yoast SEO plugin v27.5 - https:\/\/yoast.com\/product\/yoast-seo-wordpress\/ -->\n<title>Gro\u00dfer Erfolg beim Jugend Musiziert-Regionalwettbewerb - Mandolinenorchester Hennef\u2011Kurscheid 1924 e.V.<\/title>\n<meta name=\"robots\" content=\"index, follow, max-snippet:-1, max-image-preview:large, max-video-preview:-1\" \/>\n<link rel=\"canonical\" href=\"https:\/\/web.mandolinenorchester-hennef-kurscheid.de\/?p=1117\" \/>\n<meta property=\"og:locale\" content=\"de_DE\" \/>\n<meta property=\"og:type\" content=\"article\" \/>\n<meta property=\"og:title\" content=\"Gro\u00dfer Erfolg beim Jugend Musiziert-Regionalwettbewerb - Mandolinenorchester Hennef\u2011Kurscheid 1924 e.V.\" \/>\n<meta property=\"og:description\" content=\"Auch in diesem Jahr konnten wieder viele junge Spielerinnen und Spieler aus den Reihen unseres Vereins durch ihren enormen Einsatz beim Regionalwettbewerb von Jugend Musiziert hervorragende Platzierungen erreichen. Hier die Ergebnisse im Detail: Kategorie Gitarre, Altersgruppe I B: Svenja Lienemann, 21 Punkte, 1. Preis Kategorie Gitarre, Altersgruppe V: Niklas Halm, 24. Punkte, 1. Preis(mit Weiterleitung &hellip; \u201eGro\u00dfer Erfolg beim Jugend Musiziert-Regionalwettbewerb\u201c weiterlesen\" \/>\n<meta property=\"og:url\" content=\"https:\/\/web.mandolinenorchester-hennef-kurscheid.de\/?p=1117\" \/>\n<meta property=\"og:site_name\" content=\"Mandolinenorchester Hennef\u2011Kurscheid 1924 e.V.\" \/>\n<meta property=\"article:published_time\" content=\"2015-02-28T13:51:58+00:00\" \/>\n<meta property=\"article:modified_time\" content=\"2019-10-04T10:53:38+00:00\" \/>\n<meta property=\"og:image\" content=\"https:\/\/web.mandolinenorchester-hennef-kurscheid.de\/wp-content\/uploads\/2015\/02\/JuMu_2015_Regionalwettbewerb-e1425131611196.jpg\" \/>\n<meta name=\"author\" content=\"robert\" \/>\n<meta name=\"twitter:card\" content=\"summary_large_image\" \/>\n<meta name=\"twitter:label1\" content=\"Verfasst von\" \/>\n\t<meta name=\"twitter:data1\" content=\"robert\" \/>\n\t<meta name=\"twitter:label2\" content=\"Gesch\u00e4tzte Lesezeit\" \/>\n\t<meta name=\"twitter:data2\" content=\"1\u00a0Minute\" \/>\n<script type=\"application\/ld+json\" class=\"yoast-schema-graph\">{\"@context\":\"https:\\\/\\\/schema.org\",\"@graph\":[{\"@type\":\"Article\",\"@id\":\"https:\\\/\\\/web.mandolinenorchester-hennef-kurscheid.de\\\/?p=1117#article\",\"isPartOf\":{\"@id\":\"https:\\\/\\\/web.mandolinenorchester-hennef-kurscheid.de\\\/?p=1117\"},\"author\":{\"name\":\"robert\",\"@id\":\"https:\\\/\\\/web.mandolinenorchester-hennef-kurscheid.de\\\/#\\\/schema\\\/person\\\/29f3601bba167eedfefef4a8242ad57e\"},\"headline\":\"Gro\u00dfer Erfolg beim Jugend Musiziert-Regionalwettbewerb\",\"datePublished\":\"2015-02-28T13:51:58+00:00\",\"dateModified\":\"2019-10-04T10:53:38+00:00\",\"mainEntityOfPage\":{\"@id\":\"https:\\\/\\\/web.mandolinenorchester-hennef-kurscheid.de\\\/?p=1117\"},\"wordCount\":203,\"image\":{\"@id\":\"https:\\\/\\\/web.mandolinenorchester-hennef-kurscheid.de\\\/?p=1117#primaryimage\"},\"thumbnailUrl\":\"https:\\\/\\\/web.mandolinenorchester-hennef-kurscheid.de\\\/wp-content\\\/uploads\\\/2015\\\/02\\\/JuMu_2015_Regionalwettbewerb-e1425131611196.jpg\",\"inLanguage\":\"de\"},{\"@type\":\"WebPage\",\"@id\":\"https:\\\/\\\/web.mandolinenorchester-hennef-kurscheid.de\\\/?p=1117\",\"url\":\"https:\\\/\\\/web.mandolinenorchester-hennef-kurscheid.de\\\/?p=1117\",\"name\":\"Gro\u00dfer Erfolg beim Jugend Musiziert-Regionalwettbewerb - Mandolinenorchester Hennef\u2011Kurscheid 1924 e.V.\",\"isPartOf\":{\"@id\":\"https:\\\/\\\/web.mandolinenorchester-hennef-kurscheid.de\\\/#website\"},\"primaryImageOfPage\":{\"@id\":\"https:\\\/\\\/web.mandolinenorchester-hennef-kurscheid.de\\\/?p=1117#primaryimage\"},\"image\":{\"@id\":\"https:\\\/\\\/web.mandolinenorchester-hennef-kurscheid.de\\\/?p=1117#primaryimage\"},\"thumbnailUrl\":\"https:\\\/\\\/web.mandolinenorchester-hennef-kurscheid.de\\\/wp-content\\\/uploads\\\/2015\\\/02\\\/JuMu_2015_Regionalwettbewerb-e1425131611196.jpg\",\"datePublished\":\"2015-02-28T13:51:58+00:00\",\"dateModified\":\"2019-10-04T10:53:38+00:00\",\"author\":{\"@id\":\"https:\\\/\\\/web.mandolinenorchester-hennef-kurscheid.de\\\/#\\\/schema\\\/person\\\/29f3601bba167eedfefef4a8242ad57e\"},\"breadcrumb\":{\"@id\":\"https:\\\/\\\/web.mandolinenorchester-hennef-kurscheid.de\\\/?p=1117#breadcrumb\"},\"inLanguage\":\"de\",\"potentialAction\":[{\"@type\":\"ReadAction\",\"target\":[\"https:\\\/\\\/web.mandolinenorchester-hennef-kurscheid.de\\\/?p=1117\"]}]},{\"@type\":\"ImageObject\",\"inLanguage\":\"de\",\"@id\":\"https:\\\/\\\/web.mandolinenorchester-hennef-kurscheid.de\\\/?p=1117#primaryimage\",\"url\":\"https:\\\/\\\/web.mandolinenorchester-hennef-kurscheid.de\\\/wp-content\\\/uploads\\\/2015\\\/02\\\/JuMu_2015_Regionalwettbewerb-e1425131611196.jpg\",\"contentUrl\":\"https:\\\/\\\/web.mandolinenorchester-hennef-kurscheid.de\\\/wp-content\\\/uploads\\\/2015\\\/02\\\/JuMu_2015_Regionalwettbewerb-e1425131611196.jpg\",\"width\":400,\"height\":604},{\"@type\":\"BreadcrumbList\",\"@id\":\"https:\\\/\\\/web.mandolinenorchester-hennef-kurscheid.de\\\/?p=1117#breadcrumb\",\"itemListElement\":[{\"@type\":\"ListItem\",\"position\":1,\"name\":\"Startseite\",\"item\":\"https:\\\/\\\/web.mandolinenorchester-hennef-kurscheid.de\\\/\"},{\"@type\":\"ListItem\",\"position\":2,\"name\":\"Gro\u00dfer Erfolg beim Jugend Musiziert-Regionalwettbewerb\"}]},{\"@type\":\"WebSite\",\"@id\":\"https:\\\/\\\/web.mandolinenorchester-hennef-kurscheid.de\\\/#website\",\"url\":\"https:\\\/\\\/web.mandolinenorchester-hennef-kurscheid.de\\\/\",\"name\":\"Mandolinenorchester Hennef\u2011Kurscheid 1924 e.V.\",\"description\":\"Mitglied im Bund Deutscher Zupfmusiker e.V., Nr. 1055\",\"potentialAction\":[{\"@type\":\"SearchAction\",\"target\":{\"@type\":\"EntryPoint\",\"urlTemplate\":\"https:\\\/\\\/web.mandolinenorchester-hennef-kurscheid.de\\\/?s={search_term_string}\"},\"query-input\":{\"@type\":\"PropertyValueSpecification\",\"valueRequired\":true,\"valueName\":\"search_term_string\"}}],\"inLanguage\":\"de\"},{\"@type\":\"Person\",\"@id\":\"https:\\\/\\\/web.mandolinenorchester-hennef-kurscheid.de\\\/#\\\/schema\\\/person\\\/29f3601bba167eedfefef4a8242ad57e\",\"name\":\"robert\"}]}<\/script>\n<!-- \/ Yoast SEO plugin. -->","yoast_head_json":{"title":"Gro\u00dfer Erfolg beim Jugend Musiziert-Regionalwettbewerb - Mandolinenorchester Hennef\u2011Kurscheid 1924 e.V.","robots":{"index":"index","follow":"follow","max-snippet":"max-snippet:-1","max-image-preview":"max-image-preview:large","max-video-preview":"max-video-preview:-1"},"canonical":"https:\/\/web.mandolinenorchester-hennef-kurscheid.de\/?p=1117","og_locale":"de_DE","og_type":"article","og_title":"Gro\u00dfer Erfolg beim Jugend Musiziert-Regionalwettbewerb - Mandolinenorchester Hennef\u2011Kurscheid 1924 e.V.","og_description":"Auch in diesem Jahr konnten wieder viele junge Spielerinnen und Spieler aus den Reihen unseres Vereins durch ihren enormen Einsatz beim Regionalwettbewerb von Jugend Musiziert hervorragende Platzierungen erreichen. Hier die Ergebnisse im Detail: Kategorie Gitarre, Altersgruppe I B: Svenja Lienemann, 21 Punkte, 1. Preis Kategorie Gitarre, Altersgruppe V: Niklas Halm, 24. Punkte, 1. Preis(mit Weiterleitung &hellip; \u201eGro\u00dfer Erfolg beim Jugend Musiziert-Regionalwettbewerb\u201c weiterlesen","og_url":"https:\/\/web.mandolinenorchester-hennef-kurscheid.de\/?p=1117","og_site_name":"Mandolinenorchester Hennef\u2011Kurscheid 1924 e.V.","article_published_time":"2015-02-28T13:51:58+00:00","article_modified_time":"2019-10-04T10:53:38+00:00","og_image":[{"url":"https:\/\/web.mandolinenorchester-hennef-kurscheid.de\/wp-content\/uploads\/2015\/02\/JuMu_2015_Regionalwettbewerb-e1425131611196.jpg","type":"","width":"","height":""}],"author":"robert","twitter_card":"summary_large_image","twitter_misc":{"Verfasst von":"robert","Gesch\u00e4tzte Lesezeit":"1\u00a0Minute"},"schema":{"@context":"https:\/\/schema.org","@graph":[{"@type":"Article","@id":"https:\/\/web.mandolinenorchester-hennef-kurscheid.de\/?p=1117#article","isPartOf":{"@id":"https:\/\/web.mandolinenorchester-hennef-kurscheid.de\/?p=1117"},"author":{"name":"robert","@id":"https:\/\/web.mandolinenorchester-hennef-kurscheid.de\/#\/schema\/person\/29f3601bba167eedfefef4a8242ad57e"},"headline":"Gro\u00dfer Erfolg beim Jugend Musiziert-Regionalwettbewerb","datePublished":"2015-02-28T13:51:58+00:00","dateModified":"2019-10-04T10:53:38+00:00","mainEntityOfPage":{"@id":"https:\/\/web.mandolinenorchester-hennef-kurscheid.de\/?p=1117"},"wordCount":203,"image":{"@id":"https:\/\/web.mandolinenorchester-hennef-kurscheid.de\/?p=1117#primaryimage"},"thumbnailUrl":"https:\/\/web.mandolinenorchester-hennef-kurscheid.de\/wp-content\/uploads\/2015\/02\/JuMu_2015_Regionalwettbewerb-e1425131611196.jpg","inLanguage":"de"},{"@type":"WebPage","@id":"https:\/\/web.mandolinenorchester-hennef-kurscheid.de\/?p=1117","url":"https:\/\/web.mandolinenorchester-hennef-kurscheid.de\/?p=1117","name":"Gro\u00dfer Erfolg beim Jugend Musiziert-Regionalwettbewerb - Mandolinenorchester Hennef\u2011Kurscheid 1924 e.V.","isPartOf":{"@id":"https:\/\/web.mandolinenorchester-hennef-kurscheid.de\/#website"},"primaryImageOfPage":{"@id":"https:\/\/web.mandolinenorchester-hennef-kurscheid.de\/?p=1117#primaryimage"},"image":{"@id":"https:\/\/web.mandolinenorchester-hennef-kurscheid.de\/?p=1117#primaryimage"},"thumbnailUrl":"https:\/\/web.mandolinenorchester-hennef-kurscheid.de\/wp-content\/uploads\/2015\/02\/JuMu_2015_Regionalwettbewerb-e1425131611196.jpg","datePublished":"2015-02-28T13:51:58+00:00","dateModified":"2019-10-04T10:53:38+00:00","author":{"@id":"https:\/\/web.mandolinenorchester-hennef-kurscheid.de\/#\/schema\/person\/29f3601bba167eedfefef4a8242ad57e"},"breadcrumb":{"@id":"https:\/\/web.mandolinenorchester-hennef-kurscheid.de\/?p=1117#breadcrumb"},"inLanguage":"de","potentialAction":[{"@type":"ReadAction","target":["https:\/\/web.mandolinenorchester-hennef-kurscheid.de\/?p=1117"]}]},{"@type":"ImageObject","inLanguage":"de","@id":"https:\/\/web.mandolinenorchester-hennef-kurscheid.de\/?p=1117#primaryimage","url":"https:\/\/web.mandolinenorchester-hennef-kurscheid.de\/wp-content\/uploads\/2015\/02\/JuMu_2015_Regionalwettbewerb-e1425131611196.jpg","contentUrl":"https:\/\/web.mandolinenorchester-hennef-kurscheid.de\/wp-content\/uploads\/2015\/02\/JuMu_2015_Regionalwettbewerb-e1425131611196.jpg","width":400,"height":604},{"@type":"BreadcrumbList","@id":"https:\/\/web.mandolinenorchester-hennef-kurscheid.de\/?p=1117#breadcrumb","itemListElement":[{"@type":"ListItem","position":1,"name":"Startseite","item":"https:\/\/web.mandolinenorchester-hennef-kurscheid.de\/"},{"@type":"ListItem","position":2,"name":"Gro\u00dfer Erfolg beim Jugend Musiziert-Regionalwettbewerb"}]},{"@type":"WebSite","@id":"https:\/\/web.mandolinenorchester-hennef-kurscheid.de\/#website","url":"https:\/\/web.mandolinenorchester-hennef-kurscheid.de\/","name":"Mandolinenorchester Hennef\u2011Kurscheid 1924 e.V.","description":"Mitglied im Bund Deutscher Zupfmusiker e.V., Nr. 1055","potentialAction":[{"@type":"SearchAction","target":{"@type":"EntryPoint","urlTemplate":"https:\/\/web.mandolinenorchester-hennef-kurscheid.de\/?s={search_term_string}"},"query-input":{"@type":"PropertyValueSpecification","valueRequired":true,"valueName":"search_term_string"}}],"inLanguage":"de"},{"@type":"Person","@id":"https:\/\/web.mandolinenorchester-hennef-kurscheid.de\/#\/schema\/person\/29f3601bba167eedfefef4a8242ad57e","name":"robert"}]}},"jetpack_featured_media_url":"","jetpack_sharing_enabled":true,"_links":{"self":[{"href":"https:\/\/web.mandolinenorchester-hennef-kurscheid.de\/index.php?rest_route=\/wp\/v2\/posts\/1117","targetHints":{"allow":["GET"]}}],"collection":[{"href":"https:\/\/web.mandolinenorchester-hennef-kurscheid.de\/index.php?rest_route=\/wp\/v2\/posts"}],"about":[{"href":"https:\/\/web.mandolinenorchester-hennef-kurscheid.de\/index.php?rest_route=\/wp\/v2\/types\/post"}],"author":[{"embeddable":true,"href":"https:\/\/web.mandolinenorchester-hennef-kurscheid.de\/index.php?rest_route=\/wp\/v2\/users\/1"}],"replies":[{"embeddable":true,"href":"https:\/\/web.mandolinenorchester-hennef-kurscheid.de\/index.php?rest_route=%2Fwp%2Fv2%2Fcomments&post=1117"}],"version-history":[{"count":2,"href":"https:\/\/web.mandolinenorchester-hennef-kurscheid.de\/index.php?rest_route=\/wp\/v2\/posts\/1117\/revisions"}],"predecessor-version":[{"id":3061,"href":"https:\/\/web.mandolinenorchester-hennef-kurscheid.de\/index.php?rest_route=\/wp\/v2\/posts\/1117\/revisions\/3061"}],"wp:attachment":[{"href":"https:\/\/web.mandolinenorchester-hennef-kurscheid.de\/index.php?rest_route=%2Fwp%2Fv2%2Fmedia&parent=1117"}],"wp:term":[{"taxonomy":"category","embeddable":true,"href":"https:\/\/web.mandolinenorchester-hennef-kurscheid.de\/index.php?rest_route=%2Fwp%2Fv2%2Fcategories&post=1117"},{"taxonomy":"post_tag","embeddable":true,"href":"https:\/\/web.mandolinenorchester-hennef-kurscheid.de\/index.php?rest_route=%2Fwp%2Fv2%2Ftags&post=1117"}],"curies":[{"name":"wp","href":"https:\/\/api.w.org\/{rel}","templated":true}]}}